{"id":111550,"date":"2019-10-26T14:40:18","date_gmt":"2019-10-26T12:40:18","guid":{"rendered":"https:\/\/zjarr.tv\/?p=111550"},"modified":"2019-10-26T14:40:18","modified_gmt":"2019-10-26T12:40:18","slug":"meta-pret-presidentin-e-maqedonise-prespektiva-e-dy-vendeve-mbetet-europa-cdo-ide-tjeter-e-papranueshme","status":"publish","type":"post","link":"https:\/\/zjarr.tv\/en\/meta-pret-presidentin-e-maqedonise-prespektiva-e-dy-vendeve-mbetet-europa-cdo-ide-tjeter-e-papranueshme\/","title":{"rendered":"Meta pret Presidentin e Maqedonis\u00eb: Prespektiva e dy vendeve mbetet Europa, \u00e7do ide tjet\u00ebr e papranueshme"},"content":{"rendered":"<p>Presidenti Meta ka pritur sot n\u00eb nj\u00eb takim t\u00eb p\u00ebrzem\u00ebrt n\u00eb Presidenc\u00eb, Presidentin e Maqedonis\u00eb s\u00eb Veriut, Stevo\u00a0Pendarovkskin.<\/p>\n<p>N\u00eb fjal\u00ebn e tij Presidentin Meta ka falenderuar Presidentin Pendarovksi p\u00ebr qasjen e tij europiane gjat\u00eb drejtimit t\u00eb Presidences.<\/p>\n<p>&#8216;Dua t\u00eb falenderoj Presidentin Pendarvoski pasi i ka dh\u00ebn\u00eb nj\u00eb tjet\u00ebr dimension marr\u00ebdh\u00ebnieve nd\u00ebretnike n\u00eb Maqedonin\u00eb e Veriut duke kontribuar n\u00eb bashk\u00ebjetes\u00ebn q\u00eb \u00ebsht\u00eb shum\u00eb e r\u00ebnd\u00ebsishme p\u00ebr t\u00eb ardhmen e Bashkimit Evropian dhe fqinj\u00ebsis\u00eb s\u00eb mir\u00eb midis dy vendeve tona.<\/p>\n<p>\u00cbsht\u00eb e r\u00ebnd\u00ebsishme q\u00eb t\u00eb shikojm\u00eb q\u00eb Maqedonia e Veriut po shkon e sigurt\u00eb drejt antar\u00ebsimit drejt NATOS.<\/p>\n<p>Nj\u00ebkoh\u00ebsisht dua t\u00eb shpreh k\u00ebnaq\u00ebsin\u00eb p\u00ebr Presidentin dhe institucionet e k\u00ebtij vend fqinj p\u00ebr respektimin e angazhimeve q\u00eb rrjedhin nga marr\u00ebveshja e Ohrit \u00eb \u00ebsht\u00eb shum\u00eb shum\u00eb e r\u00ebnd\u00ebsishme n\u00eb bashk\u00ebjetes\u00ebn n\u00eb Maqedoni por edhe p\u00ebr prespektiv\u00ebn europiane t\u00eb k\u00ebtij vendi dhe t\u00eb gjith\u00eb Europ\u00ebs.<\/p>\n<p>P\u00ebr integrimin e pakic\u00ebs maqedonas\u00eb n\u00eb vendin ton\u00eb q\u00eb p\u00ebrfaq\u00ebsohet nga nj\u00eb komunitet i mrekulluesh\u00ebm q\u00eb ne do t\u00eb marrin t\u00eb gjitha angazhimet p\u00ebr t\u00eb respektuar identitetin e tyre kulturor dhe gjuh\u00ebsor.<\/p>\n<p>Sigurisht nuk jemi t\u00eb lumtur p\u00ebr zhvillimet e fundit p\u00ebr prespekti\u00ebn e hapjes s\u00eb negociatave p\u00ebr dy vendet tona. Por e vetmja rrug\u00eb e pakonkuruehsme p\u00ebr t\u00eb dy vendet tona por edhe p\u00ebr Ballkanin \u00ebsht\u00eb antar\u00ebsimi n\u00eb Bashkimin Evropian.<\/p>\n<p>N\u00eb k\u00ebt\u00eb drejtim do forcojm\u00eb lidhjet tona n\u00eb bashk\u00ebpunimin ton\u00eb edhe n\u00eb Bashkimin Evropian n\u00eb m\u00ebnyr\u00eb q\u00eb sa m\u00eb shpejt t\u00eb kemi zhvillime pozitive n\u00eb k\u00ebt\u00eb drejtim. \u00c7do ide tjet\u00ebr do ishte e papranueshme p\u00ebr t\u00eb ardhmen e rajonit\u2019-tha Meta nd\u00ebr t\u00eb tjera.<\/p>","protected":false},"excerpt":{"rendered":"<p>Presidenti Meta ka pritur sot n\u00eb nj\u00eb takim t\u00eb p\u00ebrzem\u00ebrt n\u00eb Presidenc\u00eb, Presidentin e Maqedonis\u00eb s\u00eb Veriut, Stevo\u00a0Pendarovkskin. N\u00eb fjal\u00ebn e tij Presidentin Meta ka falenderuar Presidentin Pendarovksi p\u00ebr qasjen e tij europiane gjat\u00eb drejtimit t\u00eb Presidences. &#8216;Dua t\u00eb falenderoj Presidentin Pendarvoski pasi i ka dh\u00ebn\u00eb nj\u00eb tjet\u00ebr dimension marr\u00ebdh\u00ebnieve nd\u00ebretnike n\u00eb Maqedonin\u00eb e Veriut [&hellip;]<\/p>\n","protected":false},"author":2013,"featured_media":111551,"comment_status":"open","ping_status":"closed","sticky":false,"template":"","format":"standard","meta":{"footnotes":""},"categories":[241,235],"tags":[],"class_list":{"0":"post-111550","1":"post","2":"type-post","3":"status-publish","4":"format-standard","5":"has-post-thumbnail","7":"category-aktualitet","8":"category-vendi"},"_links":{"self":[{"href":"https:\/\/zjarr.tv\/en\/wp-json\/wp\/v2\/posts\/111550","targetHints":{"allow":["GET"]}}],"collection":[{"href":"https:\/\/zjarr.tv\/en\/wp-json\/wp\/v2\/posts"}],"about":[{"href":"https:\/\/zjarr.tv\/en\/wp-json\/wp\/v2\/types\/post"}],"author":[{"embeddable":true,"href":"https:\/\/zjarr.tv\/en\/wp-json\/wp\/v2\/users\/2013"}],"replies":[{"embeddable":true,"href":"https:\/\/zjarr.tv\/en\/wp-json\/wp\/v2\/comments?post=111550"}],"version-history":[{"count":0,"href":"https:\/\/zjarr.tv\/en\/wp-json\/wp\/v2\/posts\/111550\/revisions"}],"wp:featuredmedia":[{"embeddable":true,"href":"https:\/\/zjarr.tv\/en\/wp-json\/wp\/v2\/media\/111551"}],"wp:attachment":[{"href":"https:\/\/zjarr.tv\/en\/wp-json\/wp\/v2\/media?parent=111550"}],"wp:term":[{"taxonomy":"category","embeddable":true,"href":"https:\/\/zjarr.tv\/en\/wp-json\/wp\/v2\/categories?post=111550"},{"taxonomy":"post_tag","embeddable":true,"href":"https:\/\/zjarr.tv\/en\/wp-json\/wp\/v2\/tags?post=111550"}],"curies":[{"name":"wp","href":"https:\/\/api.w.org\/{rel}","templated":true}]}}