{"id":111553,"date":"2019-10-26T14:41:06","date_gmt":"2019-10-26T12:41:06","guid":{"rendered":"https:\/\/zjarr.tv\/?p=111553"},"modified":"2019-10-26T14:41:06","modified_gmt":"2019-10-26T12:41:06","slug":"mjegulla-mbulon-portin-e-durresit-krociera-me-670-turiste-kerkon-ndihme","status":"publish","type":"post","link":"https:\/\/zjarr.tv\/en\/mjegulla-mbulon-portin-e-durresit-krociera-me-670-turiste-kerkon-ndihme\/","title":{"rendered":"Mjegulla mbulon Portin e Durr\u00ebsit, krociera me 670 turist\u00eb k\u00ebrkon ndihm\u00eb"},"content":{"rendered":"<p>Porti i Durr\u00ebsit u mbulua m\u00ebngjesin e sot\u00ebm nga mjegulla e dendur, duke krijuar v\u00ebshtir\u00ebsi edhe n\u00eb ankorimin e mjeteve detare.<\/p>\n<p>Nj\u00eb krociere me 670 turist\u00eb ka mbetur e bllokuar n\u00eb det, pasi nuk ka mundur t\u00eb ankorohet p\u00ebr shkak t\u00eb munges\u00ebs s\u00eb pamjes s\u00eb ul\u00ebt n\u00eb det.<\/p>\n<p>N\u00eb ndihm\u00eb t\u00eb krocier\u00ebs ka shkuar edhe nj\u00eb rimorkiator<\/p>\n<div id=\"rekl-13\">\n<div id=\"__sap-ad-15\" class=\"__sap-ads __sap-html tracked\" data-title=\"Credins desktop 08\"><ins><\/p>\n<div id=\"beacon_87fa32c0ec\"><\/div>\n<p><\/ins><\/div>\n<\/div>\n<p>T\u00eb nj\u00ebjt\u00ebn situat\u00eb kan\u00eb kaluar dhe anije t\u00eb tjera t\u00eb cilat jan\u00eb ankoruar me v\u00ebshtir\u00ebsi ose kan\u00eb pritur p\u00ebrmir\u00ebsimin e kushteve t\u00eb motit.<\/p>\n<p>&nbsp;<\/p>","protected":false},"excerpt":{"rendered":"<p>Porti i Durr\u00ebsit u mbulua m\u00ebngjesin e sot\u00ebm nga mjegulla e dendur, duke krijuar v\u00ebshtir\u00ebsi edhe n\u00eb ankorimin e mjeteve detare. Nj\u00eb krociere me 670 turist\u00eb ka mbetur e bllokuar n\u00eb det, pasi nuk ka mundur t\u00eb ankorohet p\u00ebr shkak t\u00eb munges\u00ebs s\u00eb pamjes s\u00eb ul\u00ebt n\u00eb det. N\u00eb ndihm\u00eb t\u00eb krocier\u00ebs ka shkuar edhe [&hellip;]<\/p>\n","protected":false},"author":2013,"featured_media":111554,"comment_status":"open","ping_status":"closed","sticky":false,"template":"","format":"standard","meta":{"footnotes":""},"categories":[241,235],"tags":[],"class_list":{"0":"post-111553","1":"post","2":"type-post","3":"status-publish","4":"format-standard","5":"has-post-thumbnail","7":"category-aktualitet","8":"category-vendi"},"_links":{"self":[{"href":"https:\/\/zjarr.tv\/en\/wp-json\/wp\/v2\/posts\/111553","targetHints":{"allow":["GET"]}}],"collection":[{"href":"https:\/\/zjarr.tv\/en\/wp-json\/wp\/v2\/posts"}],"about":[{"href":"https:\/\/zjarr.tv\/en\/wp-json\/wp\/v2\/types\/post"}],"author":[{"embeddable":true,"href":"https:\/\/zjarr.tv\/en\/wp-json\/wp\/v2\/users\/2013"}],"replies":[{"embeddable":true,"href":"https:\/\/zjarr.tv\/en\/wp-json\/wp\/v2\/comments?post=111553"}],"version-history":[{"count":0,"href":"https:\/\/zjarr.tv\/en\/wp-json\/wp\/v2\/posts\/111553\/revisions"}],"wp:featuredmedia":[{"embeddable":true,"href":"https:\/\/zjarr.tv\/en\/wp-json\/wp\/v2\/media\/111554"}],"wp:attachment":[{"href":"https:\/\/zjarr.tv\/en\/wp-json\/wp\/v2\/media?parent=111553"}],"wp:term":[{"taxonomy":"category","embeddable":true,"href":"https:\/\/zjarr.tv\/en\/wp-json\/wp\/v2\/categories?post=111553"},{"taxonomy":"post_tag","embeddable":true,"href":"https:\/\/zjarr.tv\/en\/wp-json\/wp\/v2\/tags?post=111553"}],"curies":[{"name":"wp","href":"https:\/\/api.w.org\/{rel}","templated":true}]}}