{"id":111647,"date":"2019-10-27T13:27:48","date_gmt":"2019-10-27T12:27:48","guid":{"rendered":"https:\/\/zjarr.tv\/?p=111647"},"modified":"2019-10-27T13:27:48","modified_gmt":"2019-10-27T12:27:48","slug":"masakroi-90-vjecaren-ne-shtepine-e-saj-per-ta-grabitur-zbulohet-kush-eshte-23-vjecari-shqiptar","status":"publish","type":"post","link":"https:\/\/zjarr.tv\/en\/masakroi-90-vjecaren-ne-shtepine-e-saj-per-ta-grabitur-zbulohet-kush-eshte-23-vjecari-shqiptar\/","title":{"rendered":"Masakroi 90-vje\u00e7aren n\u00eb sht\u00ebpin\u00eb e saj p\u00ebr ta grabitur, zbulohet kush \u00ebsht\u00eb 23-vje\u00e7ari shqiptar"},"content":{"rendered":"<p>Nj\u00eb ngjarje e r\u00ebnd\u00eb ka ndodhur mbr\u00ebmjen e s\u00eb premtes n\u00eb zon\u00ebn e Tolfa, Rom\u00eb, Itali.<\/p>\n<p>Nj\u00eb\u00a0 90-vje\u00e7are, \u00ebsht\u00eb q\u00eblluar me thik\u00eb dhe vrar\u00eb n\u00eb sht\u00ebpin\u00eb e saj.<\/p>\n<p>Gruaja u gjet me plag\u00eb n\u00eb fytyr\u00eb, nd\u00ebrsa dyshohet se u q\u00ebllua nga i riu Sergio Malaj, djali i sh\u00ebrb\u00ebtores s\u00eb saj.<\/p>\n<p>Sipas\u00a0mediave fqinje, shqiptari ka qen\u00eb n\u00eb gjendje t\u00eb dehur kur ka kryer krimin. Ai \u00ebsht\u00eb futur n\u00eb banes\u00eb p\u00ebr t\u00eb vjedhur para, por m\u00eb pas e gjitha ka p\u00ebrfunduar n\u00eb vrasje. E moshuara u gjet e pajet\u00eb nga vajzat e saj, t\u00eb cilat lajm\u00ebruan policin\u00eb<\/p>\n<p>Tashm\u00eb shqiptari ndodhet n\u00eb qeli dhe policia po heton p\u00ebr zbardhjen e plot\u00eb t\u00eb ngjarjes.<\/p>","protected":false},"excerpt":{"rendered":"<p>Nj\u00eb ngjarje e r\u00ebnd\u00eb ka ndodhur mbr\u00ebmjen e s\u00eb premtes n\u00eb zon\u00ebn e Tolfa, Rom\u00eb, Itali. Nj\u00eb\u00a0 90-vje\u00e7are, \u00ebsht\u00eb q\u00eblluar me thik\u00eb dhe vrar\u00eb n\u00eb sht\u00ebpin\u00eb e saj. Gruaja u gjet me plag\u00eb n\u00eb fytyr\u00eb, nd\u00ebrsa dyshohet se u q\u00ebllua nga i riu Sergio Malaj, djali i sh\u00ebrb\u00ebtores s\u00eb saj. Sipas\u00a0mediave fqinje, shqiptari ka qen\u00eb [&hellip;]<\/p>\n","protected":false},"author":2013,"featured_media":111648,"comment_status":"open","ping_status":"closed","sticky":false,"template":"","format":"standard","meta":{"footnotes":""},"categories":[241,235],"tags":[],"class_list":{"0":"post-111647","1":"post","2":"type-post","3":"status-publish","4":"format-standard","5":"has-post-thumbnail","7":"category-aktualitet","8":"category-vendi"},"_links":{"self":[{"href":"https:\/\/zjarr.tv\/en\/wp-json\/wp\/v2\/posts\/111647","targetHints":{"allow":["GET"]}}],"collection":[{"href":"https:\/\/zjarr.tv\/en\/wp-json\/wp\/v2\/posts"}],"about":[{"href":"https:\/\/zjarr.tv\/en\/wp-json\/wp\/v2\/types\/post"}],"author":[{"embeddable":true,"href":"https:\/\/zjarr.tv\/en\/wp-json\/wp\/v2\/users\/2013"}],"replies":[{"embeddable":true,"href":"https:\/\/zjarr.tv\/en\/wp-json\/wp\/v2\/comments?post=111647"}],"version-history":[{"count":0,"href":"https:\/\/zjarr.tv\/en\/wp-json\/wp\/v2\/posts\/111647\/revisions"}],"wp:featuredmedia":[{"embeddable":true,"href":"https:\/\/zjarr.tv\/en\/wp-json\/wp\/v2\/media\/111648"}],"wp:attachment":[{"href":"https:\/\/zjarr.tv\/en\/wp-json\/wp\/v2\/media?parent=111647"}],"wp:term":[{"taxonomy":"category","embeddable":true,"href":"https:\/\/zjarr.tv\/en\/wp-json\/wp\/v2\/categories?post=111647"},{"taxonomy":"post_tag","embeddable":true,"href":"https:\/\/zjarr.tv\/en\/wp-json\/wp\/v2\/tags?post=111647"}],"curies":[{"name":"wp","href":"https:\/\/api.w.org\/{rel}","templated":true}]}}