{"id":111654,"date":"2019-10-27T13:32:15","date_gmt":"2019-10-27T12:32:15","guid":{"rendered":"https:\/\/zjarr.tv\/?p=111654"},"modified":"2019-10-27T13:32:15","modified_gmt":"2019-10-27T12:32:15","slug":"edvin-mafia-anulon-takimin-me-presidentin-e-maqedonise-se-veriut","status":"publish","type":"post","link":"https:\/\/zjarr.tv\/en\/edvin-mafia-anulon-takimin-me-presidentin-e-maqedonise-se-veriut\/","title":{"rendered":"&#8216;Edvin Mafia anulon takimin me Presidentin e Maqedonis\u00eb s\u00eb Veriut!&#8217;"},"content":{"rendered":"<p>\u201cPasi nd\u00ebshkoi Maqedonin\u00eb e Veriut me refuzimin e hapjes s\u00eb negociatave me BE, Edvin Mafia, n\u00eb nj\u00eb akt banditesk, anulon takimin me Presidentin e Maqedonis\u00eb s\u00eb Veriut sepse nuk i p\u00eblqeu deklarata e tij me Presidentin Meta p\u00ebr \u00e7eljen e negociatave.\u201d K\u00ebshtu shkruan sot, ish-kryeministri Sali B\u00ebrisha, n\u00eb Fb, duke iu referuar mesazhit t\u00eb nj\u00eb diplomati shqiptar. \u201cLexoni mesazhin e diplomatit dixhital,\u201d fton n\u00eb vijim Berisha.<\/p>\n<p>P\u00ebrsh\u00ebndetje Doktor.<\/p>\n<p>Pas deklarat\u00ebs s\u00eb Presidentit Pendarovski n\u00eb konferenc\u00eb p\u00ebr shtyp me Presidentin Meta, menj\u00ebher\u00eb Rama thirri Drejtoresh\u00ebn e Protokollit t\u00eb Shtetit dhe i tha t\u00eb lajm\u00ebroj\u00eb Presidentin Pendarovski se anulohet takimi Rama-Pendarovski. Asnj\u00eb media nuk po e jep k\u00ebt\u00eb gj\u00eb! Mbr\u00ebmje t\u00eb mir\u00eb.\u201d<\/p>","protected":false},"excerpt":{"rendered":"<p>\u201cPasi nd\u00ebshkoi Maqedonin\u00eb e Veriut me refuzimin e hapjes s\u00eb negociatave me BE, Edvin Mafia, n\u00eb nj\u00eb akt banditesk, anulon takimin me Presidentin e Maqedonis\u00eb s\u00eb Veriut sepse nuk i p\u00eblqeu deklarata e tij me Presidentin Meta p\u00ebr \u00e7eljen e negociatave.\u201d K\u00ebshtu shkruan sot, ish-kryeministri Sali B\u00ebrisha, n\u00eb Fb, duke iu referuar mesazhit t\u00eb nj\u00eb [&hellip;]<\/p>\n","protected":false},"author":2013,"featured_media":90114,"comment_status":"open","ping_status":"closed","sticky":false,"template":"","format":"standard","meta":{"footnotes":""},"categories":[241,235],"tags":[],"class_list":{"0":"post-111654","1":"post","2":"type-post","3":"status-publish","4":"format-standard","5":"has-post-thumbnail","7":"category-aktualitet","8":"category-vendi"},"_links":{"self":[{"href":"https:\/\/zjarr.tv\/en\/wp-json\/wp\/v2\/posts\/111654","targetHints":{"allow":["GET"]}}],"collection":[{"href":"https:\/\/zjarr.tv\/en\/wp-json\/wp\/v2\/posts"}],"about":[{"href":"https:\/\/zjarr.tv\/en\/wp-json\/wp\/v2\/types\/post"}],"author":[{"embeddable":true,"href":"https:\/\/zjarr.tv\/en\/wp-json\/wp\/v2\/users\/2013"}],"replies":[{"embeddable":true,"href":"https:\/\/zjarr.tv\/en\/wp-json\/wp\/v2\/comments?post=111654"}],"version-history":[{"count":0,"href":"https:\/\/zjarr.tv\/en\/wp-json\/wp\/v2\/posts\/111654\/revisions"}],"wp:featuredmedia":[{"embeddable":true,"href":"https:\/\/zjarr.tv\/en\/wp-json\/wp\/v2\/media\/90114"}],"wp:attachment":[{"href":"https:\/\/zjarr.tv\/en\/wp-json\/wp\/v2\/media?parent=111654"}],"wp:term":[{"taxonomy":"category","embeddable":true,"href":"https:\/\/zjarr.tv\/en\/wp-json\/wp\/v2\/categories?post=111654"},{"taxonomy":"post_tag","embeddable":true,"href":"https:\/\/zjarr.tv\/en\/wp-json\/wp\/v2\/tags?post=111654"}],"curies":[{"name":"wp","href":"https:\/\/api.w.org\/{rel}","templated":true}]}}