{"id":111664,"date":"2019-10-27T13:37:24","date_gmt":"2019-10-27T12:37:24","guid":{"rendered":"https:\/\/zjarr.tv\/?p=111664"},"modified":"2019-10-27T13:37:24","modified_gmt":"2019-10-27T12:37:24","slug":"integrimi-zaev-nuk-pranojme-projekte-ekonomike-duam-anetaresim-ne-be","status":"publish","type":"post","link":"https:\/\/zjarr.tv\/en\/integrimi-zaev-nuk-pranojme-projekte-ekonomike-duam-anetaresim-ne-be\/","title":{"rendered":"Integrimi\/ Zaev: Nuk pranojm\u00eb projekte ekonomike, duam an\u00ebtar\u00ebsim n\u00eb BE"},"content":{"rendered":"<p>Kryeministri i Maqedonis\u00eb s\u00eb Veriut, Zoran Zaev, ka hedhur posht\u00eb njoftimet se Bashkimi Evropian po p\u00ebrgatit nj\u00eb \u201czon\u00eb ekonomike evropiane\u201d p\u00ebr vendet e Ballkanit pasi n\u00eb samitin evropian, Maqedonia e Veriut dhe Shqip\u00ebria, nuk arrit\u00ebn t\u00eb marrin dat\u00ebn e bisedimeve p\u00ebr an\u00ebtar\u00ebsim p\u00ebr shkak t\u00eb kund\u00ebrshtimit t\u00eb Franc\u00ebs.<\/p>\n<p>Zaev ka th\u00ebn\u00eb se p\u00ebrve\u00e7 an\u00ebtar\u00ebsimit t\u00eb plot\u00eb n\u00eb BE, nuk do t\u00eb pranoj\u00eb asnj\u00eb alternativ\u00eb tjet\u00ebr.<\/p>\n<p>\u201cVendi yn\u00eb \u00ebsht\u00eb n\u00eb BE dhe nuk do t\u00eb pranojm\u00eb asnj\u00eb ofert\u00eb tjet\u00ebr. E gjith\u00eb bota flet p\u00ebr ne p\u00ebr at\u00eb q\u00eb kemi b\u00ebr\u00eb. Ne kemi p\u00ebrmbushur detyrimet tona dhe e kemi merituar hapjen e bisedimeve. Ne duam at\u00eb q\u00eb meritojn\u00eb dhe asgj\u00eb tjet\u00ebr. Nuk pranojm\u00eb asnj\u00eb alternativ\u00eb tjer\u00eb, pakte, partneriteti, projekte ekonomike. Ne jemi p\u00ebr an\u00ebtar\u00ebsim t\u00eb plot\u00eb n\u00eb BE\u201d, ka deklaruar Zaev n\u00eb nj\u00eb tribun\u00eb t\u00eb shtun\u00ebn n\u00eb mbr\u00ebmje me simpatizant\u00eb t\u00eb LSDM-s\u00eb n\u00eb qytetin e Prilepit.<\/p>\n<p>Ai ka shprehur d\u00ebshp\u00ebrimin nga vendimi negativ n\u00eb samitin evropian, por tha se ky vendim nuk do ta gjunj\u00ebzoj\u00eb nga q\u00ebllimi final, e q\u00eb \u00ebsht\u00eb an\u00ebtar\u00ebsimi i Maqedonis\u00eb s\u00eb Veriut n\u00eb BE.<\/p>\n<p>\u201cV\u00ebrtet\u00eb nuk \u00ebsht\u00eb fer ndaj nesh pasi na premtuan, na than\u00eb b\u00ebni pun\u00ebn dhe ne do t\u2019ju japim dat\u00ebn. Diskutuan deri n\u00eb or\u00ebn 2:30 t\u00eb m\u00ebngjesit dhe p\u00ebr fat t\u00eb keq ndodhi padrejt\u00ebsia. Por, un\u00eb dua t\u2019ju bind se kjo padrejt\u00ebsi ndaj vendit ton\u00eb t\u00eb vog\u00ebl do ngrit\u00ebt si feniksi pasi t\u00eb gjith\u00eb po flasin p\u00ebr padrejt\u00ebsin\u00eb e b\u00ebr\u00eb\u201d, ka theksuar Zaev.<\/p>\n<p>Nd\u00ebrkoh\u00eb, n\u00eb nj\u00eb tjet\u00ebr tribun\u00eb me an\u00ebtar t\u00eb partis\u00eb, kreu i opozit\u00ebs, Hristijan Mickovski, p\u00ebr mosmarrjen e dat\u00ebs ka akuzuar qeverin\u00eb.<\/p>\n<p>\u201cNe t\u00eb gjith\u00eb duhet t\u00eb jemi t\u00eb brengosur pasi dat\u00ebn nuk e mor\u00ebm p\u00ebr shkak t\u00eb korrupsionit, pashall\u00ebkut e kriminalitetit t\u00eb atij (Zaevit) q\u00eb d\u00ebshironte privatizimin e t\u00eb ardhmes evropian t\u00eb shtetit ton\u00eb. P\u00ebr k\u00ebt\u00eb ne nuk mor\u00ebm dat\u00ebn, gjith\u00e7ka tjet\u00ebr \u00ebsht\u00eb nj\u00eb \u2018PO\u2019 e madhe pasi ne jemi qytetar t\u00eb Evrop\u00ebs, ne i takojm\u00eb Evrop\u00ebs dhe atje \u00ebsht\u00eb e ardhmja jon\u00eb, t\u00eb cil\u00ebn do ta arrijm\u00eb me fitoren n\u00eb zgjedhjet e 12 prillit\u201d, ka deklaruar kryetari i VMRO-DPMNE-s\u00eb, Hristijan Mickovski.<\/p>\n<p>Dy partit\u00eb LSDM dhe VMRO kan\u00eb nisur fushat\u00ebn menj\u00ebher\u00eb pas arritjes s\u00eb marr\u00ebveshjes mes partit\u00eb politike, q\u00eb m\u00eb 12 prill t\u00eb vitit 2020 t\u00eb mbahen zgjedhje t\u00eb parakohshme parlamentare dhe n\u00eb t\u00eb gjitha tubimet dominojn\u00eb temat e integrimit evropian dhe shkaqet e mosmarrjes s\u00eb dat\u00ebs s\u00eb bisedimeve p\u00ebr an\u00ebtar\u00ebsim.<\/p>","protected":false},"excerpt":{"rendered":"<p>Kryeministri i Maqedonis\u00eb s\u00eb Veriut, Zoran Zaev, ka hedhur posht\u00eb njoftimet se Bashkimi Evropian po p\u00ebrgatit nj\u00eb \u201czon\u00eb ekonomike evropiane\u201d p\u00ebr vendet e Ballkanit pasi n\u00eb samitin evropian, Maqedonia e Veriut dhe Shqip\u00ebria, nuk arrit\u00ebn t\u00eb marrin dat\u00ebn e bisedimeve p\u00ebr an\u00ebtar\u00ebsim p\u00ebr shkak t\u00eb kund\u00ebrshtimit t\u00eb Franc\u00ebs. Zaev ka th\u00ebn\u00eb se p\u00ebrve\u00e7 an\u00ebtar\u00ebsimit t\u00eb [&hellip;]<\/p>\n","protected":false},"author":2013,"featured_media":53177,"comment_status":"open","ping_status":"closed","sticky":false,"template":"","format":"standard","meta":{"footnotes":""},"categories":[241,2],"tags":[],"class_list":{"0":"post-111664","1":"post","2":"type-post","3":"status-publish","4":"format-standard","5":"has-post-thumbnail","7":"category-aktualitet","8":"category-rajoni"},"_links":{"self":[{"href":"https:\/\/zjarr.tv\/en\/wp-json\/wp\/v2\/posts\/111664","targetHints":{"allow":["GET"]}}],"collection":[{"href":"https:\/\/zjarr.tv\/en\/wp-json\/wp\/v2\/posts"}],"about":[{"href":"https:\/\/zjarr.tv\/en\/wp-json\/wp\/v2\/types\/post"}],"author":[{"embeddable":true,"href":"https:\/\/zjarr.tv\/en\/wp-json\/wp\/v2\/users\/2013"}],"replies":[{"embeddable":true,"href":"https:\/\/zjarr.tv\/en\/wp-json\/wp\/v2\/comments?post=111664"}],"version-history":[{"count":0,"href":"https:\/\/zjarr.tv\/en\/wp-json\/wp\/v2\/posts\/111664\/revisions"}],"wp:featuredmedia":[{"embeddable":true,"href":"https:\/\/zjarr.tv\/en\/wp-json\/wp\/v2\/media\/53177"}],"wp:attachment":[{"href":"https:\/\/zjarr.tv\/en\/wp-json\/wp\/v2\/media?parent=111664"}],"wp:term":[{"taxonomy":"category","embeddable":true,"href":"https:\/\/zjarr.tv\/en\/wp-json\/wp\/v2\/categories?post=111664"},{"taxonomy":"post_tag","embeddable":true,"href":"https:\/\/zjarr.tv\/en\/wp-json\/wp\/v2\/tags?post=111664"}],"curies":[{"name":"wp","href":"https:\/\/api.w.org\/{rel}","templated":true}]}}