{"id":111669,"date":"2019-10-27T13:39:31","date_gmt":"2019-10-27T12:39:31","guid":{"rendered":"https:\/\/zjarr.tv\/?p=111669"},"modified":"2019-10-27T13:39:31","modified_gmt":"2019-10-27T12:39:31","slug":"kundershtojne-ndertimin-e-hec-tension-ne-protesten-e-banoreve-te-kacinarit","status":"publish","type":"post","link":"https:\/\/zjarr.tv\/en\/kundershtojne-ndertimin-e-hec-tension-ne-protesten-e-banoreve-te-kacinarit\/","title":{"rendered":"Kund\u00ebrshtojn\u00eb nd\u00ebrtimin e HEC\/ Tension n\u00eb protest\u00ebn e banor\u00ebve t\u00eb Ka\u00e7inarit"},"content":{"rendered":"<p>Tjeter protete per HEC-et ne Mirdite. Banor\u00ebt e Ka\u00e7inarit jan\u00eb ngritur\u00a0s\u00ebrish\u00a0n\u00eb protest\u00eb duke kund\u00ebrshtuar nd\u00ebrtimin e HEC-it n\u00eb Mirdit\u00eb.<\/p>\n<p>Banor\u00ebt u kan\u00eb dal\u00eb n\u00eb prit\u00eb punonj\u00ebsve t\u00eb firm\u00ebs duke bllokuar makinerit\u00eb e tyre t\u00eb pun\u00ebs. Banor\u00ebt jan p\u00ebrplasur me forcat e policis\u00eb duke ju k\u00ebrkuar k\u00ebtyr\u00eb t\u00eb fundit t\u00eb mos b\u00ebh\u00ebn pal\u00eb m\u00eb firm\u00ebn q\u00eb po nd\u00ebrton HEC-et.<\/p>\n<p>Ata k\u00ebrkojn\u00eb largimi uniformave blu dhe t\u00eb\u00a0 mos provokohen, pasi situatat sipa styre mund t\u00eb agravoj\u00eb m\u00eb tej.<\/p>\n<p>Banor\u00ebt po ashtu i jan\u00eb drejtuar policis\u00eb q\u00eb ti p\u00ebrcjelli mesazh ministrit t\u00eb Brendsh\u00ebm Sand\u00ebr Lleshaj q\u00eb t\u00eb t\u00ebrheq\u00eb policin\u00eb, pasi ato jan\u00eb n\u00eb t\u00eb drejt\u00ebn e tyre duke mbrojtur pronat e tyre.<\/p>\n<p>\u201cNuk pranojm\u00eb t\u00eb dhunohemi n\u00eb pronat tona. Nuk kemi ardhur me djeg mjetet e tyre, por nuk mund ta pranojm\u00eb q\u00eb t\u00eb dhunojn\u00eb pron\u00ebn ton\u00eb. Kryetari i bashkis\u00eb nuk ka ardhur asnj\u00ebher\u00eb k\u00ebtu.\u201d- dekalrojn\u00eb banor\u00ebt.<\/p>\n<p><iframe loading=\"lazy\" src=\"https:\/\/video.syri.net\/embed\/pAycLYjqxuTraII\" width=\"700\" height=\"400\" frameborder=\"0\" allowfullscreen=\"allowfullscreen\" data-mce-fragment=\"1\"><\/iframe><\/p>\n<p><strong>Reagon kryetari i PD Mirdite Mark Ru\u00e7i<\/strong><\/p>\n<p>Respekte per banoret e Kacinarit , per bashkim dhe rezistencen , karshi nje pushteti te korruptuar qendror dhe lokal !<\/p>\n<p>Ne vend te dialogut me banoret e zones , ndersejne policine e shtetit ,per zbatimin e projekteve korruptive per ndertimin e H\/C-ve !<\/p>\n<p>Mbeshtetja e dhene nga inxhinieret mirditor Gjon Ndoj dhe Paulin Marku eshte vlere e shtuar per te unifikuar qendrimet karshi pushtetit te korruptuar !<\/p>\n<p>Solidariteti i intelektualeve dhe personaliteteve me peshe ne opinionin publik si dhe i donatoreve te huaj , qe financojne perpjekje te vazhdueshme per nxitjen e turizmit malor ne Mirdite , jane nje inkurajim per te vazhduar perpjekjet ne mbrojtje te natyres dhe percaktimit te ardhshmerise se zhvillimit zones kah turizmi malor !!!<\/p>\n<p>&nbsp;<\/p>","protected":false},"excerpt":{"rendered":"<p>Tjeter protete per HEC-et ne Mirdite. Banor\u00ebt e Ka\u00e7inarit jan\u00eb ngritur\u00a0s\u00ebrish\u00a0n\u00eb protest\u00eb duke kund\u00ebrshtuar nd\u00ebrtimin e HEC-it n\u00eb Mirdit\u00eb. Banor\u00ebt u kan\u00eb dal\u00eb n\u00eb prit\u00eb punonj\u00ebsve t\u00eb firm\u00ebs duke bllokuar makinerit\u00eb e tyre t\u00eb pun\u00ebs. Banor\u00ebt jan p\u00ebrplasur me forcat e policis\u00eb duke ju k\u00ebrkuar k\u00ebtyr\u00eb t\u00eb fundit t\u00eb mos b\u00ebh\u00ebn pal\u00eb m\u00eb firm\u00ebn q\u00eb [&hellip;]<\/p>\n","protected":false},"author":2013,"featured_media":111670,"comment_status":"open","ping_status":"closed","sticky":false,"template":"","format":"standard","meta":{"footnotes":""},"categories":[241,235],"tags":[],"class_list":{"0":"post-111669","1":"post","2":"type-post","3":"status-publish","4":"format-standard","5":"has-post-thumbnail","7":"category-aktualitet","8":"category-vendi"},"_links":{"self":[{"href":"https:\/\/zjarr.tv\/en\/wp-json\/wp\/v2\/posts\/111669","targetHints":{"allow":["GET"]}}],"collection":[{"href":"https:\/\/zjarr.tv\/en\/wp-json\/wp\/v2\/posts"}],"about":[{"href":"https:\/\/zjarr.tv\/en\/wp-json\/wp\/v2\/types\/post"}],"author":[{"embeddable":true,"href":"https:\/\/zjarr.tv\/en\/wp-json\/wp\/v2\/users\/2013"}],"replies":[{"embeddable":true,"href":"https:\/\/zjarr.tv\/en\/wp-json\/wp\/v2\/comments?post=111669"}],"version-history":[{"count":0,"href":"https:\/\/zjarr.tv\/en\/wp-json\/wp\/v2\/posts\/111669\/revisions"}],"wp:featuredmedia":[{"embeddable":true,"href":"https:\/\/zjarr.tv\/en\/wp-json\/wp\/v2\/media\/111670"}],"wp:attachment":[{"href":"https:\/\/zjarr.tv\/en\/wp-json\/wp\/v2\/media?parent=111669"}],"wp:term":[{"taxonomy":"category","embeddable":true,"href":"https:\/\/zjarr.tv\/en\/wp-json\/wp\/v2\/categories?post=111669"},{"taxonomy":"post_tag","embeddable":true,"href":"https:\/\/zjarr.tv\/en\/wp-json\/wp\/v2\/tags?post=111669"}],"curies":[{"name":"wp","href":"https:\/\/api.w.org\/{rel}","templated":true}]}}