{"id":111673,"date":"2019-10-27T13:47:44","date_gmt":"2019-10-27T12:47:44","guid":{"rendered":"https:\/\/zjarr.tv\/?p=111673"},"modified":"2019-10-27T13:47:44","modified_gmt":"2019-10-27T12:47:44","slug":"macron-nuk-meriton-te-behet-dashi-i-kurbanit","status":"publish","type":"post","link":"https:\/\/zjarr.tv\/en\/macron-nuk-meriton-te-behet-dashi-i-kurbanit\/","title":{"rendered":"Macron nuk meriton t\u00eb b\u00ebhet dashi i kurbanit"},"content":{"rendered":"<p><strong>Nga Luca J Uberti*<\/strong><\/p>\n<p>25 Tetor 2019<\/p>\n<p>\u201cPo\u201d e kusht\u00ebzuar e Angela Merkel nuk ishte m\u00eb mir\u00eb sesa \u201cJo\u201d e Emmanuel Macron<\/p>\n<div id=\"rekl-13\">\n<div id=\"__sap-ad-15\" class=\"__sap-ads __sap-html tracked\" data-title=\"Credins desktop 08\"><ins><\/p>\n<div id=\"beacon_349e2b10c9\"><\/div>\n<p><\/ins><\/div>\n<\/div>\n<p>Financial Times u bashkua me korin e lider\u00ebve t\u00eb BE duke hedhur balt\u00eb mbi Emmanuel Macron p\u00ebr veton ndaj fillimit t\u00eb bisedimeve t\u00eb pranimit n\u00eb BE me Shqip\u00ebrin\u00eb dhe Maqedonin\u00eb e Veriut (&#8220;Vetoja e pranimit e Macron n\u00eb BE \u00ebsht\u00eb nj\u00eb gabim historik&#8221;, editorial, 21 tetor).\u00a0 Presidenti francez, i cili ka theksuar nevoj\u00ebn q\u00eb BE t\u00eb reformoj\u00eb veten p\u00ebrpara se t\u00eb zgjerohet me an\u00ebtar\u00eb t\u00eb rinj, nuk meriton t\u00eb b\u00ebhet nj\u00eb dash kurbani.<\/p>\n<p>Danimarka dhe Hollanda ishin, gjithashtu, kund\u00ebr ofert\u00ebs s\u00eb Shqip\u00ebris\u00eb.\u00a0 N\u00eb qershor, Hollanda shkoi aq larg sa i k\u00ebrkoi Komisionit Evropian t\u00eb ndaloj\u00eb l\u00ebvizjen pa viza p\u00ebr shqiptar\u00ebt n\u00eb zon\u00ebn Shengen.<\/p>\n<p>Edhe drita e gjelb\u00ebr e Gjermanis\u00eb p\u00ebr Shqip\u00ebrin\u00eb ishte e premtuar n\u00eb nj\u00eb list\u00eb marramend\u00ebse me n\u00ebnt\u00eb kushte, t\u00eb cilat do t\u2019i merrnin vite t\u00eb t\u00ebra p\u00ebr t\u2019u p\u00ebrmbushur vendit me shum\u00eb peripeci t\u00eb Ballkanit.<\/p>\n<p>N\u00ebse q\u00ebllimi n\u00eb samitin e BE-s\u00eb ishte q\u00eb t\u00eb b\u00ebnte m\u00eb shum\u00eb sesa t\u00eb sinjalizonte nj\u00eb perspektiv\u00eb t\u00eb larg\u00ebt pranimi \u201cPo-ja\u201d e kusht\u00ebzuar e Gjermanis\u00eb nuk ishte m\u00eb e mir\u00eb se \u201cJo-ja\u201d e Makronit.<\/p>\n<p>Ju, me t\u00eb drejt\u00eb, vini re se Shqip\u00ebria dhe Maqedonia e Veriut &#8220;kan\u00eb b\u00ebr\u00eb p\u00ebrpjekje t\u00eb m\u00ebdha\u201d p\u00ebr t\u00eb arritur k\u00ebtu.\u00a0 Megjithat\u00eb, hulumtimet e fundit sugjerojn\u00eb q\u00eb zbatimi formal i kishteve t\u00eb pranimit n\u00eb BE ka ecur krah p\u00ebr krah me r\u00ebnien e standardeve demokratike.<\/p>\n<p>N\u00eb m\u00ebnyr\u00eb t\u00eb pritshme, populist\u00ebt europian\u00eb t\u00eb t\u00eb gjith\u00eb flamujve, nga Matteo Salvini tek Viktor Orban, jan\u00eb tani kampion\u00eb politik\u00eb m\u00eb t\u00eb patundur t\u00eb zgjerimit.<\/p>\n<p>Evropianist\u00ebt me q\u00ebllime t\u00eb mira, duhet t\u2019i kushtojn\u00eb v\u00ebmendje thirrjes s\u00eb zotit Makron p\u00ebr nj\u00eb rishikim t\u00eb thell\u00eb t\u00eb kushteve t\u00eb pranimit n\u00eb BE.<\/p>\n<p>\u00cbsht\u00eb thelb\u00ebsore q\u00eb politikat e zgjerimit duhet t\u00eb forcohen me nj\u00eb theks shum\u00eb m\u00eb t\u00eb madh tek zhvillimi ekonomik: n\u00ebse t\u00eb ardhurat p\u00ebr frym\u00eb n\u00eb Shqip\u00ebri dhe Maqedonia e Veriut nuk rriten, t\u00eb pakt\u00ebn n\u00eb nivelin e Bullgaris\u00eb, ekonomis\u00eb m\u00eb t\u00eb varf\u00ebr t\u00eb BE-s\u00eb, nuk ka gjasa q\u00eb k\u00ebto dy vende t\u00eb\u00a0 t\u00eb jen\u00eb n\u00eb gjendje t\u00eb realizojn\u00eb ndonj\u00ebher\u00eb aspiratat e tyre evropiane.<\/p>\n<p>*Luca J Uberti\/Alexander Nash Fello\u00eb, Qendra p\u00ebr Studime Krahasuese t\u00eb Ekonomive n\u00eb Zhvillim, Shkolla e Studimeve Sllave dhe t\u00eb Evrop\u00ebs Lindore, Kolegji Universitar London, UK Was<\/p>\n<p><a href=\"https:\/\/www.ft.com\/content\/c62ddb28-f649-11e9-9ef3-eca8fc8f2d65\">https:\/\/www.ft.com\/content\/c62ddb28-f649-11e9-9ef3-eca8fc8f2d65<\/a><\/p>\n<p><img decoding=\"async\" src=\"https:\/\/www.syri.net\/uploads\/syri.net\/images\/2019\/October\/27\/auto_gazeta_okoko1572180151.png\" alt=\"Image\" \/><\/p>","protected":false},"excerpt":{"rendered":"<p>Nga Luca J Uberti* 25 Tetor 2019 \u201cPo\u201d e kusht\u00ebzuar e Angela Merkel nuk ishte m\u00eb mir\u00eb sesa \u201cJo\u201d e Emmanuel Macron Financial Times u bashkua me korin e lider\u00ebve t\u00eb BE duke hedhur balt\u00eb mbi Emmanuel Macron p\u00ebr veton ndaj fillimit t\u00eb bisedimeve t\u00eb pranimit n\u00eb BE me Shqip\u00ebrin\u00eb dhe Maqedonin\u00eb e Veriut (&#8220;Vetoja [&hellip;]<\/p>\n","protected":false},"author":2013,"featured_media":51729,"comment_status":"open","ping_status":"closed","sticky":false,"template":"","format":"standard","meta":{"footnotes":""},"categories":[241,235],"tags":[],"class_list":{"0":"post-111673","1":"post","2":"type-post","3":"status-publish","4":"format-standard","5":"has-post-thumbnail","7":"category-aktualitet","8":"category-vendi"},"_links":{"self":[{"href":"https:\/\/zjarr.tv\/en\/wp-json\/wp\/v2\/posts\/111673","targetHints":{"allow":["GET"]}}],"collection":[{"href":"https:\/\/zjarr.tv\/en\/wp-json\/wp\/v2\/posts"}],"about":[{"href":"https:\/\/zjarr.tv\/en\/wp-json\/wp\/v2\/types\/post"}],"author":[{"embeddable":true,"href":"https:\/\/zjarr.tv\/en\/wp-json\/wp\/v2\/users\/2013"}],"replies":[{"embeddable":true,"href":"https:\/\/zjarr.tv\/en\/wp-json\/wp\/v2\/comments?post=111673"}],"version-history":[{"count":0,"href":"https:\/\/zjarr.tv\/en\/wp-json\/wp\/v2\/posts\/111673\/revisions"}],"wp:featuredmedia":[{"embeddable":true,"href":"https:\/\/zjarr.tv\/en\/wp-json\/wp\/v2\/media\/51729"}],"wp:attachment":[{"href":"https:\/\/zjarr.tv\/en\/wp-json\/wp\/v2\/media?parent=111673"}],"wp:term":[{"taxonomy":"category","embeddable":true,"href":"https:\/\/zjarr.tv\/en\/wp-json\/wp\/v2\/categories?post=111673"},{"taxonomy":"post_tag","embeddable":true,"href":"https:\/\/zjarr.tv\/en\/wp-json\/wp\/v2\/tags?post=111673"}],"curies":[{"name":"wp","href":"https:\/\/api.w.org\/{rel}","templated":true}]}}