{"id":111681,"date":"2019-10-27T14:05:03","date_gmt":"2019-10-27T13:05:03","guid":{"rendered":"https:\/\/zjarr.tv\/?p=111681"},"modified":"2019-10-27T14:05:03","modified_gmt":"2019-10-27T13:05:03","slug":"erdogan-kercenon-pastrimin-e-kurdeve","status":"publish","type":"post","link":"https:\/\/zjarr.tv\/en\/erdogan-kercenon-pastrimin-e-kurdeve\/","title":{"rendered":"Erdogan k\u00ebrc\u00ebnon \u201cpastrimin e kurd\u00ebve\u201d"},"content":{"rendered":"<p>Presidenti turk Rexhep Tajip Erdogan tha t\u00eb shtun\u00ebn se ushtria e vendit t\u00eb tij do t\u00eb \u201cpastroj\u00eb terrorist\u00ebt\u201d nga kufiri i saj n\u00eb veri t\u00eb Siris\u00eb n\u00ebse milicia kurde e YPG-s\u00eb nuk largohen deri n\u00eb afatin e r\u00ebn\u00eb dakord nga Turqia dhe Rusia n\u00eb fillim t\u00eb k\u00ebsaj jave.<\/p>\n<p>Afati i or\u00ebs 1500 GMT t\u00eb mart\u00ebn u p\u00ebrcaktua n\u00eb nj\u00eb marr\u00ebveshje t\u00eb r\u00ebn\u00eb dakord nga Presidenti Erdogan dhe Presidenti Rus Vladimir Putin n\u00eb rezortin e So\u00e7it t\u00eb Detit t\u00eb Zi. Rusia tha se policia e saj ushtarake dhe rojet kufitare siriane do t\u00eb \u201cleht\u00ebsonin heqjen\u201d e kurd\u00ebve brenda 30 kilometrave nga kufiri.<\/p>\n<p>Ankaraja pretendon se YPG \u00ebsht\u00eb nj\u00eb grup terrorist dhe ka qen\u00eb shum\u00eb kritike ndaj mb\u00ebshtetjes amerikane t\u00eb grupit, i cili ishte instrumental n\u00ebn komand\u00ebn e Forcave Demokratike Siriane, n\u00eb luft\u00ebn kund\u00ebr Shtetit Islamik. Presidenti Erdogan gjithashtu paralajm\u00ebroi komunitetin nd\u00ebrkomb\u00ebtar t\u00eb mb\u00ebshtes\u00eb nism\u00ebn e Turqis\u00eb p\u00ebr krijimin e nj\u00eb \u201czone t\u00eb sigurt\u201d p\u00ebr m\u00eb shum\u00eb se 3.5 milion refugjat\u00eb sirian\u00eb q\u00eb tani banojn\u00eb n\u00eb Turqi.<\/p>\n<p>Udh\u00ebheq\u00ebsi turk k\u00ebrc\u00ebnoi se\u00a0<em>\u201cn\u00ebse nuk ka mb\u00ebshtetje p\u00ebr projektet q\u00eb ne po zhvillojm\u00eb p\u00ebr t\u00eb kthyer mes 1 deri n\u00eb 2 milion refugjat\u00ebsh n\u00eb faz\u00ebn e par\u00eb, nuk do t\u00eb kemi mund\u00ebsi tjet\u00ebr ve\u00e7se t\u00eb hapim dyert tona, dhe t\u2019i l\u00ebm\u00eb ata t\u00eb shkojn\u00eb n\u00eb Evrop\u00eb\u201d.<\/em><\/p>\n<p>Shtetet e Bashkuara, nd\u00ebrkoh\u00eb, do t\u00eb shtojn\u00eb forcat e tyre q\u00eb mbrojn\u00eb aktualisht fushat e naft\u00ebs dhe objektet n\u00eb lindje t\u00eb Siris\u00eb nga grupi terrorist i Shtetit Islamik, edhe pse shumica e trupave amerikane po t\u00ebrhiqen nga vendi.<\/p>\n<p>\u201cNe po nd\u00ebrmarrim disa veprime; p\u00ebr t\u00eb forcuar pozicionin ton\u00eb n\u00eb Deir el-Zour, p\u00ebr t\u00eb siguruar q\u00eb mund t\u00eb mohojm\u00eb hyrjen e ISIS n\u00eb fushat e naft\u00ebs, \u201cu tha Sekretari amerikan i Mbrojtjes Mark Esper gazetar\u00ebve t\u00eb premten. Ai foli pas nj\u00eb seri takimesh me aleat\u00ebt e NATO-s n\u00eb Bruksel.<\/p>\n<p>N\u00eb pjes\u00ebt verilindore t\u00eb Siris\u00eb, me poligonet ushtarake apo bazat amerikane t\u00eb boshatisura ose shkat\u00ebrruara pas t\u00ebrheqjes nga rajoni, ka filluar dislokimi i trupave ruse.<\/p>\n<p>Sipas medias ruse, p\u00ebrforcimet mb\u00ebrriten atje t\u00eb premten, me 300 polic\u00eb ushtarak\u00eb shtes\u00eb dhe 20 automjete t\u00eb blinduara q\u00eb p\u00ebrgatiteshin t\u00eb dislokohen p\u00ebrgjat\u00eb kufirit mes Siris\u00eb dhe Turqis\u00eb. Kjo \u00ebsht\u00eb pjes\u00eb e marr\u00ebveshjes q\u00eb Moska negocioi me Ankaran\u00eb p\u00ebr dh\u00ebnien fund t\u00eb luftimeve me forcat kurde, t\u00eb cilat mb\u00ebshteteshin nga Shtetet e Bashkuara.<\/p>\n<p><em>\u201cShtetet e Bashkuara kan\u00eb q\u00ebn\u00eb aleati m\u00eb i ngusht\u00eb i kurd\u00ebve vitet e fundit. Por trupat kurde u braktis\u00ebn, dhe n\u00eb thelb u tradh\u00ebtuan\u201d,<\/em>\u00a0citon media ruse t\u00eb ket\u00eb th\u00ebn\u00eb z\u00ebdh\u00ebn\u00ebsi i Kremlinit Dmitry Peskov.<\/p>\n<p>N\u00eb Bruksel, Sekretari amerikan i Mbrojtjes Mark Esper u duk skeptik, nd\u00ebrsa hodhi dyshime mbi l\u00ebvizjet e Mosk\u00ebs.<\/p>\n<p><em>\u201cPas gjasht\u00eb muajsh do t\u00eb shohim se si po vepron Rusia n\u00eb kufirin mes Siris\u00eb dhe Turqis\u00eb. Do t\u00eb shohim \u00e7far\u00eb ndikimesh ka mbi Rusin\u00eb, mbi interesat e saj\u201d,<\/em>\u00a0tha zoti Eseper t\u00eb enjten n\u00eb Bruksel, para nj\u00eb takimi me homolog\u00ebt nga vendet e NATO-s.<\/p>\n<p>Nd\u00ebrkoh\u00eb k\u00ebtu n\u00eb kryeqytetin amerikan, Sht\u00ebpia e Bardh\u00eb paralajm\u00ebroi se veprimet e Kremlinit nuk do t\u00eb kalojn\u00eb pa u v\u00ebn\u00eb re.<\/p>","protected":false},"excerpt":{"rendered":"<p>Presidenti turk Rexhep Tajip Erdogan tha t\u00eb shtun\u00ebn se ushtria e vendit t\u00eb tij do t\u00eb \u201cpastroj\u00eb terrorist\u00ebt\u201d nga kufiri i saj n\u00eb veri t\u00eb Siris\u00eb n\u00ebse milicia kurde e YPG-s\u00eb nuk largohen deri n\u00eb afatin e r\u00ebn\u00eb dakord nga Turqia dhe Rusia n\u00eb fillim t\u00eb k\u00ebsaj jave. Afati i or\u00ebs 1500 GMT t\u00eb mart\u00ebn [&hellip;]<\/p>\n","protected":false},"author":2013,"featured_media":0,"comment_status":"open","ping_status":"closed","sticky":false,"template":"","format":"standard","meta":{"footnotes":""},"categories":[241,191],"tags":[],"class_list":{"0":"post-111681","1":"post","2":"type-post","3":"status-publish","4":"format-standard","6":"category-aktualitet","7":"category-bota"},"_links":{"self":[{"href":"https:\/\/zjarr.tv\/en\/wp-json\/wp\/v2\/posts\/111681","targetHints":{"allow":["GET"]}}],"collection":[{"href":"https:\/\/zjarr.tv\/en\/wp-json\/wp\/v2\/posts"}],"about":[{"href":"https:\/\/zjarr.tv\/en\/wp-json\/wp\/v2\/types\/post"}],"author":[{"embeddable":true,"href":"https:\/\/zjarr.tv\/en\/wp-json\/wp\/v2\/users\/2013"}],"replies":[{"embeddable":true,"href":"https:\/\/zjarr.tv\/en\/wp-json\/wp\/v2\/comments?post=111681"}],"version-history":[{"count":0,"href":"https:\/\/zjarr.tv\/en\/wp-json\/wp\/v2\/posts\/111681\/revisions"}],"wp:attachment":[{"href":"https:\/\/zjarr.tv\/en\/wp-json\/wp\/v2\/media?parent=111681"}],"wp:term":[{"taxonomy":"category","embeddable":true,"href":"https:\/\/zjarr.tv\/en\/wp-json\/wp\/v2\/categories?post=111681"},{"taxonomy":"post_tag","embeddable":true,"href":"https:\/\/zjarr.tv\/en\/wp-json\/wp\/v2\/tags?post=111681"}],"curies":[{"name":"wp","href":"https:\/\/api.w.org\/{rel}","templated":true}]}}