{"id":111684,"date":"2019-10-27T14:27:03","date_gmt":"2019-10-27T13:27:03","guid":{"rendered":"https:\/\/zjarr.tv\/?p=111684"},"modified":"2019-10-27T14:27:03","modified_gmt":"2019-10-27T13:27:03","slug":"tjetersuan-68-mije-metra-katrore-toke-tek-gjiri-i-lalzit-burg-9-zyrtareve-mes-tyre-ish-drejtori-i-kadastres","status":"publish","type":"post","link":"https:\/\/zjarr.tv\/en\/tjetersuan-68-mije-metra-katrore-toke-tek-gjiri-i-lalzit-burg-9-zyrtareve-mes-tyre-ish-drejtori-i-kadastres\/","title":{"rendered":"Tjet\u00ebrsuan 68 mij\u00eb metra katror\u00eb tok\u00eb tek Gjiri i Lalzit, burg 9 zyrtar\u00ebve, mes tyre ish-drejtori i Kadastr\u00ebs"},"content":{"rendered":"<p>Gjykata ka l\u00ebn\u00eb sot n\u00eb burg ish-drejtorin e Kadastr\u00ebs n\u00eb Durr\u00ebs, Ardi Iljazi si dhe ish- kreu e komun\u00ebs Sulejman Ibrahimi, pasi akuzohen se tjet\u00ebrsuan pronat n\u00eb Gjirin e Lalzit.<\/p>\n<p>Po ashtu Gjykata e Durr\u00ebsit ka l\u00ebn\u00eb n\u00eb burg edhe Mikel Zaho, jurist pran\u00eb Kadastr\u00ebs si dhe ish-juristi Bledar Zerva, t\u00eb cil\u00ebt akuzohen p\u00ebr veprat penale \u201cShp\u00ebrdorimi i detyr\u00ebs\u201d dhe \u201cFalsifikimi i dokumenteve\u201d.<\/p>\n<p>Kujtojm\u00eb se n\u00eb lidhje me abuzimin n\u00eb fjal\u00eb u arrestuan 18 t\u00eb cil\u00ebt akuzohen p\u00ebr tjet\u00ebrsimin e 68 mij\u00eb metra katror\u00eb tok\u00eb shtet\u00ebrore kryesisht n\u00eb zon\u00ebn turistike gjiri i Lalzit dhe Kepit t\u00eb Rodonit.<\/p>","protected":false},"excerpt":{"rendered":"<p>Gjykata ka l\u00ebn\u00eb sot n\u00eb burg ish-drejtorin e Kadastr\u00ebs n\u00eb Durr\u00ebs, Ardi Iljazi si dhe ish- kreu e komun\u00ebs Sulejman Ibrahimi, pasi akuzohen se tjet\u00ebrsuan pronat n\u00eb Gjirin e Lalzit. Po ashtu Gjykata e Durr\u00ebsit ka l\u00ebn\u00eb n\u00eb burg edhe Mikel Zaho, jurist pran\u00eb Kadastr\u00ebs si dhe ish-juristi Bledar Zerva, t\u00eb cil\u00ebt akuzohen p\u00ebr veprat [&hellip;]<\/p>\n","protected":false},"author":2013,"featured_media":111685,"comment_status":"open","ping_status":"closed","sticky":false,"template":"","format":"standard","meta":{"footnotes":""},"categories":[241,235],"tags":[],"class_list":{"0":"post-111684","1":"post","2":"type-post","3":"status-publish","4":"format-standard","5":"has-post-thumbnail","7":"category-aktualitet","8":"category-vendi"},"_links":{"self":[{"href":"https:\/\/zjarr.tv\/en\/wp-json\/wp\/v2\/posts\/111684","targetHints":{"allow":["GET"]}}],"collection":[{"href":"https:\/\/zjarr.tv\/en\/wp-json\/wp\/v2\/posts"}],"about":[{"href":"https:\/\/zjarr.tv\/en\/wp-json\/wp\/v2\/types\/post"}],"author":[{"embeddable":true,"href":"https:\/\/zjarr.tv\/en\/wp-json\/wp\/v2\/users\/2013"}],"replies":[{"embeddable":true,"href":"https:\/\/zjarr.tv\/en\/wp-json\/wp\/v2\/comments?post=111684"}],"version-history":[{"count":0,"href":"https:\/\/zjarr.tv\/en\/wp-json\/wp\/v2\/posts\/111684\/revisions"}],"wp:featuredmedia":[{"embeddable":true,"href":"https:\/\/zjarr.tv\/en\/wp-json\/wp\/v2\/media\/111685"}],"wp:attachment":[{"href":"https:\/\/zjarr.tv\/en\/wp-json\/wp\/v2\/media?parent=111684"}],"wp:term":[{"taxonomy":"category","embeddable":true,"href":"https:\/\/zjarr.tv\/en\/wp-json\/wp\/v2\/categories?post=111684"},{"taxonomy":"post_tag","embeddable":true,"href":"https:\/\/zjarr.tv\/en\/wp-json\/wp\/v2\/tags?post=111684"}],"curies":[{"name":"wp","href":"https:\/\/api.w.org\/{rel}","templated":true}]}}