{"id":111696,"date":"2019-10-27T15:53:09","date_gmt":"2019-10-27T14:53:09","guid":{"rendered":"https:\/\/zjarr.tv\/?p=111696"},"modified":"2019-10-27T15:53:09","modified_gmt":"2019-10-27T14:53:09","slug":"zjarr-ne-pyjet-e-devollit-terreni-i-veshtire-veshtireson-nderhyrjen-e-zjarrfikesve","status":"publish","type":"post","link":"https:\/\/zjarr.tv\/en\/zjarr-ne-pyjet-e-devollit-terreni-i-veshtire-veshtireson-nderhyrjen-e-zjarrfikesve\/","title":{"rendered":"Zjarr n\u00eb pyjet e Devollit, terreni i v\u00ebshtir\u00eb v\u00ebshtir\u00ebson nd\u00ebrhyrjen e zjarrfik\u00ebsve"},"content":{"rendered":"<p>Nj\u00eb vat\u00ebr zjarri \u00ebsht\u00eb regjistruar sot n\u00eb pyjet e Devollit n\u00eb zon\u00ebn e Dobergores, terreni i v\u00ebshtir\u00eb b\u00ebn shum\u00eb t\u00eb v\u00ebshtir\u00eb nd\u00ebrhyrjen e zjarrfik\u00ebseve.<\/p>\n<p>Nd\u00ebrkoh\u00eb, aktualisht n\u00eb terren ndodhen vet\u00ebm punonj\u00ebs t\u00eb bashkis\u00eb dhe banor\u00ebt e zon\u00ebs, t\u00eb cil\u00ebt po tentojn\u00eb t\u00eb lokalizojn\u00eb zjarrin me mjete rrethanore.<\/p>","protected":false},"excerpt":{"rendered":"<p>Nj\u00eb vat\u00ebr zjarri \u00ebsht\u00eb regjistruar sot n\u00eb pyjet e Devollit n\u00eb zon\u00ebn e Dobergores, terreni i v\u00ebshtir\u00eb b\u00ebn shum\u00eb t\u00eb v\u00ebshtir\u00eb nd\u00ebrhyrjen e zjarrfik\u00ebseve. Nd\u00ebrkoh\u00eb, aktualisht n\u00eb terren ndodhen vet\u00ebm punonj\u00ebs t\u00eb bashkis\u00eb dhe banor\u00ebt e zon\u00ebs, t\u00eb cil\u00ebt po tentojn\u00eb t\u00eb lokalizojn\u00eb zjarrin me mjete rrethanore.<\/p>","protected":false},"author":2013,"featured_media":104011,"comment_status":"open","ping_status":"closed","sticky":false,"template":"","format":"standard","meta":{"footnotes":""},"categories":[241,235],"tags":[],"class_list":{"0":"post-111696","1":"post","2":"type-post","3":"status-publish","4":"format-standard","5":"has-post-thumbnail","7":"category-aktualitet","8":"category-vendi"},"_links":{"self":[{"href":"https:\/\/zjarr.tv\/en\/wp-json\/wp\/v2\/posts\/111696","targetHints":{"allow":["GET"]}}],"collection":[{"href":"https:\/\/zjarr.tv\/en\/wp-json\/wp\/v2\/posts"}],"about":[{"href":"https:\/\/zjarr.tv\/en\/wp-json\/wp\/v2\/types\/post"}],"author":[{"embeddable":true,"href":"https:\/\/zjarr.tv\/en\/wp-json\/wp\/v2\/users\/2013"}],"replies":[{"embeddable":true,"href":"https:\/\/zjarr.tv\/en\/wp-json\/wp\/v2\/comments?post=111696"}],"version-history":[{"count":0,"href":"https:\/\/zjarr.tv\/en\/wp-json\/wp\/v2\/posts\/111696\/revisions"}],"wp:featuredmedia":[{"embeddable":true,"href":"https:\/\/zjarr.tv\/en\/wp-json\/wp\/v2\/media\/104011"}],"wp:attachment":[{"href":"https:\/\/zjarr.tv\/en\/wp-json\/wp\/v2\/media?parent=111696"}],"wp:term":[{"taxonomy":"category","embeddable":true,"href":"https:\/\/zjarr.tv\/en\/wp-json\/wp\/v2\/categories?post=111696"},{"taxonomy":"post_tag","embeddable":true,"href":"https:\/\/zjarr.tv\/en\/wp-json\/wp\/v2\/tags?post=111696"}],"curies":[{"name":"wp","href":"https:\/\/api.w.org\/{rel}","templated":true}]}}