{"id":111747,"date":"2019-10-28T14:51:18","date_gmt":"2019-10-28T13:51:18","guid":{"rendered":"https:\/\/zjarr.tv\/?p=111747"},"modified":"2019-10-28T14:51:18","modified_gmt":"2019-10-28T13:51:18","slug":"rudina-hajdari-i-kerkon-ndihme-rucit-me-kane-kercenuar-ne-zyren-time","status":"publish","type":"post","link":"https:\/\/zjarr.tv\/en\/rudina-hajdari-i-kerkon-ndihme-rucit-me-kane-kercenuar-ne-zyren-time\/","title":{"rendered":"Rudina Hajdari i k\u00ebrkon ndihm\u00eb Ru\u00e7it: M\u00eb kan\u00eb k\u00ebrc\u00ebnuar n\u00eb zyr\u00ebn time"},"content":{"rendered":"<div class=\"readmore-text-here\">\n<p>Rudina Hajdari ka deklaruar n\u00eb fjal\u00ebn e saj n\u00eb seanc\u00eb parlamentare se \u00ebsht\u00eb k\u00ebrc\u00ebnuar n\u00eb zyr\u00ebn e saj n\u00eb kryesin\u00eb e Kuvendit.<\/p>\n<p>Ajo i k\u00ebrkoi Gramoz Ru\u00e7it ndihm\u00eb dhe q\u00eb t\u00eb marr\u00eb masa p\u00ebr rritjen e siguris\u00eb n\u00eb Kuvend.<\/p>\n<p>\u2018Para pak dit\u00ebsh ju kam d\u00ebrguar nj\u00eb shkres\u00eb n\u00eb lidhje me nj\u00eb k\u00ebrkes\u00eb q\u00eb ju k\u00ebrkon t\u00eb siguroni ambientet e Kuvendit dhe t\u00eb Kryesis\u00eb.<\/p>\n<p>Nuk mund t\u00eb ndodh\u00eb sot q\u00eb n\u00eb 2019 deputet\u00ebt t\u00eb k\u00ebrc\u00ebnohen. \u00cbsht\u00eb e papranueshme q\u00eb nj\u00eb fem\u00ebr t\u00eb k\u00ebrc\u00ebnohet nga persona t\u00eb tjer\u00eb. M\u00eb kan\u00eb ardhur n\u00eb zyr\u00eb e m\u00eb kan\u00eb k\u00ebrc\u00ebnuar, merrni masa para se t\u00eb kemi ndonj\u00eb viktim\u00eb n\u00eb parlament.<\/p>\n<p>Asnj\u00eb deputet mos t\u00eb hyj\u00eb pa u kontrolluar, asnj\u00eb deputet t\u00eb mos marr\u00eb me vete persona t\u00eb tjer\u00eb\u2019, tha Rudina Hajdari.<\/p>\n<p>Duke iu p\u00ebrgjigjur shqet\u00ebsimit, Ru\u00e7i tha se k\u00ebrkes\u00ebn e saj ia kishte nisur Ministris\u00eb s\u00eb Brendshme.<\/p>\n<\/div>\n<div id=\"rekl-33\"><\/div>","protected":false},"excerpt":{"rendered":"<p>Rudina Hajdari ka deklaruar n\u00eb fjal\u00ebn e saj n\u00eb seanc\u00eb parlamentare se \u00ebsht\u00eb k\u00ebrc\u00ebnuar n\u00eb zyr\u00ebn e saj n\u00eb kryesin\u00eb e Kuvendit. Ajo i k\u00ebrkoi Gramoz Ru\u00e7it ndihm\u00eb dhe q\u00eb t\u00eb marr\u00eb masa p\u00ebr rritjen e siguris\u00eb n\u00eb Kuvend. \u2018Para pak dit\u00ebsh ju kam d\u00ebrguar nj\u00eb shkres\u00eb n\u00eb lidhje me nj\u00eb k\u00ebrkes\u00eb q\u00eb ju k\u00ebrkon [&hellip;]<\/p>\n","protected":false},"author":2013,"featured_media":77012,"comment_status":"open","ping_status":"closed","sticky":false,"template":"","format":"standard","meta":{"footnotes":""},"categories":[241,235],"tags":[],"class_list":{"0":"post-111747","1":"post","2":"type-post","3":"status-publish","4":"format-standard","5":"has-post-thumbnail","7":"category-aktualitet","8":"category-vendi"},"_links":{"self":[{"href":"https:\/\/zjarr.tv\/en\/wp-json\/wp\/v2\/posts\/111747","targetHints":{"allow":["GET"]}}],"collection":[{"href":"https:\/\/zjarr.tv\/en\/wp-json\/wp\/v2\/posts"}],"about":[{"href":"https:\/\/zjarr.tv\/en\/wp-json\/wp\/v2\/types\/post"}],"author":[{"embeddable":true,"href":"https:\/\/zjarr.tv\/en\/wp-json\/wp\/v2\/users\/2013"}],"replies":[{"embeddable":true,"href":"https:\/\/zjarr.tv\/en\/wp-json\/wp\/v2\/comments?post=111747"}],"version-history":[{"count":0,"href":"https:\/\/zjarr.tv\/en\/wp-json\/wp\/v2\/posts\/111747\/revisions"}],"wp:featuredmedia":[{"embeddable":true,"href":"https:\/\/zjarr.tv\/en\/wp-json\/wp\/v2\/media\/77012"}],"wp:attachment":[{"href":"https:\/\/zjarr.tv\/en\/wp-json\/wp\/v2\/media?parent=111747"}],"wp:term":[{"taxonomy":"category","embeddable":true,"href":"https:\/\/zjarr.tv\/en\/wp-json\/wp\/v2\/categories?post=111747"},{"taxonomy":"post_tag","embeddable":true,"href":"https:\/\/zjarr.tv\/en\/wp-json\/wp\/v2\/tags?post=111747"}],"curies":[{"name":"wp","href":"https:\/\/api.w.org\/{rel}","templated":true}]}}