{"id":111762,"date":"2019-10-28T15:39:51","date_gmt":"2019-10-28T14:39:51","guid":{"rendered":"https:\/\/zjarr.tv\/?p=111762"},"modified":"2019-10-28T15:39:51","modified_gmt":"2019-10-28T14:39:51","slug":"meta-ne-bruksel-takim-me-sekretarin-e-pergjithshem-te-nato-s-jens-stoltenberg","status":"publish","type":"post","link":"https:\/\/zjarr.tv\/en\/meta-ne-bruksel-takim-me-sekretarin-e-pergjithshem-te-nato-s-jens-stoltenberg\/","title":{"rendered":"Meta n\u00eb Bruksel, takim me sekretarin e P\u00ebrgjithsh\u00ebm t\u00eb NATO-s Jens Stoltenberg"},"content":{"rendered":"<p>Presidenti i Republik\u00ebs Ilir Meta ndodhet n\u00eb Bruksel ku do t\u00eb ket\u00eb nj\u00eb takim me sekretarin e P\u00ebrgjithsh\u00ebm t\u00eb Aleanc\u00ebs s\u00eb Atlantikut t\u00eb VeriutJens Stoltenberg.<\/p>\n<p>N\u00eb njoftimin p\u00ebr mediat nga ana e Presidenc\u00ebs thuhet se Presidenti Meta \u2018do t\u00eb pritet sot n\u00eb nj\u00eb takim nga Sekretari i P\u00ebrgjithsh\u00ebm i NATO-s, Jens Stoltenberg\u2019.<\/p>\n<p>Po k\u00ebshtu n\u00eb or\u00ebn 17:00 Presidenti Meta, s\u00eb bashku me Stoltenberg do t\u00eb zhvillojn\u00eb nj\u00eb konferenc\u00eb t\u00eb p\u00ebrbashk\u00ebt p\u00ebr shtyp n\u00eb selin\u00eb e NATO-s.<\/p>","protected":false},"excerpt":{"rendered":"<p>Presidenti i Republik\u00ebs Ilir Meta ndodhet n\u00eb Bruksel ku do t\u00eb ket\u00eb nj\u00eb takim me sekretarin e P\u00ebrgjithsh\u00ebm t\u00eb Aleanc\u00ebs s\u00eb Atlantikut t\u00eb VeriutJens Stoltenberg. N\u00eb njoftimin p\u00ebr mediat nga ana e Presidenc\u00ebs thuhet se Presidenti Meta \u2018do t\u00eb pritet sot n\u00eb nj\u00eb takim nga Sekretari i P\u00ebrgjithsh\u00ebm i NATO-s, Jens Stoltenberg\u2019. Po k\u00ebshtu n\u00eb [&hellip;]<\/p>\n","protected":false},"author":2013,"featured_media":99906,"comment_status":"open","ping_status":"closed","sticky":false,"template":"","format":"standard","meta":{"footnotes":""},"categories":[241,235],"tags":[],"class_list":{"0":"post-111762","1":"post","2":"type-post","3":"status-publish","4":"format-standard","5":"has-post-thumbnail","7":"category-aktualitet","8":"category-vendi"},"_links":{"self":[{"href":"https:\/\/zjarr.tv\/en\/wp-json\/wp\/v2\/posts\/111762","targetHints":{"allow":["GET"]}}],"collection":[{"href":"https:\/\/zjarr.tv\/en\/wp-json\/wp\/v2\/posts"}],"about":[{"href":"https:\/\/zjarr.tv\/en\/wp-json\/wp\/v2\/types\/post"}],"author":[{"embeddable":true,"href":"https:\/\/zjarr.tv\/en\/wp-json\/wp\/v2\/users\/2013"}],"replies":[{"embeddable":true,"href":"https:\/\/zjarr.tv\/en\/wp-json\/wp\/v2\/comments?post=111762"}],"version-history":[{"count":0,"href":"https:\/\/zjarr.tv\/en\/wp-json\/wp\/v2\/posts\/111762\/revisions"}],"wp:featuredmedia":[{"embeddable":true,"href":"https:\/\/zjarr.tv\/en\/wp-json\/wp\/v2\/media\/99906"}],"wp:attachment":[{"href":"https:\/\/zjarr.tv\/en\/wp-json\/wp\/v2\/media?parent=111762"}],"wp:term":[{"taxonomy":"category","embeddable":true,"href":"https:\/\/zjarr.tv\/en\/wp-json\/wp\/v2\/categories?post=111762"},{"taxonomy":"post_tag","embeddable":true,"href":"https:\/\/zjarr.tv\/en\/wp-json\/wp\/v2\/tags?post=111762"}],"curies":[{"name":"wp","href":"https:\/\/api.w.org\/{rel}","templated":true}]}}