{"id":111784,"date":"2019-10-28T17:09:26","date_gmt":"2019-10-28T16:09:26","guid":{"rendered":"https:\/\/zjarr.tv\/?p=111784"},"modified":"2019-10-28T17:09:26","modified_gmt":"2019-10-28T16:09:26","slug":"vidhnin-eskavatore-dhe-i-sillnin-ne-shqiperi-7-te-arrestuar-ne-itali-koka-e-grupit-nje-shqiptar","status":"publish","type":"post","link":"https:\/\/zjarr.tv\/en\/vidhnin-eskavatore-dhe-i-sillnin-ne-shqiperi-7-te-arrestuar-ne-itali-koka-e-grupit-nje-shqiptar\/","title":{"rendered":"Vidhnin eskavator\u00eb dhe i sillnin n\u00eb Shqip\u00ebri\/ 7 t\u00eb arrestuar n\u00eb Itali. &#8216;Koka&#8217; e grupit nj\u00eb shqiptar"},"content":{"rendered":"<div class=\"readmore-text-here\">\n<p>Karabinier\u00ebt e Compagnia di Fiorenzuola n\u00eb Itali kan\u00eb zbuluar nj\u00eb grup kriminal q\u00eb merrej me vjedhje t\u00eb eskavator\u00ebve, t\u00eb cil\u00ebt m\u00eb pas i sillnin p\u00ebr ti shitur n\u00eb Shqip\u00ebri.<\/p>\n<p>Ka qen\u00eb nj\u00eb qytetar q\u00eb ka b\u00ebr\u00eb denoncimin n\u00eb polici dhe m\u00eb pas, hetimet kan\u00eb zbuluar edhe grupimin kriminal q\u00eb merrej me k\u00ebt\u00eb veprimtari t\u00eb jasht\u00ebligjshme.<\/p>\n<p>Hetimi filloi n\u00eb korrik 2018 p\u00ebrfundoi pas gjasht\u00eb muajve hetime, shkruajn\u00eb mediat italiane.<\/p>\n<p>Prokuroria ka hetuar n\u00eb lidhje me k\u00ebt\u00eb \u00e7\u00ebshtje 9 vet\u00eb, teksa 5 u lan\u00eb n\u00eb burg e dy jan\u00eb d\u00ebrguar n\u00eb arrest sht\u00ebpie.<\/p>\n<p>Sipas hetimeve t\u00eb deritanishme, t\u00eb publikuara nga mediat italiane, n\u00eb krye t\u00eb grupit q\u00eb vidhte makinat ishte nj\u00eb shqiptar 47 vje\u00e7, i cili bashk\u00ebpunonte ngusht\u00eb me nj\u00eb mikun e tij 35 vje\u00e7. I dyshuari kryesor kishte nj\u00eb biznes n\u00eb Shqip\u00ebri.<\/p>\n<p>Mes t\u00eb arrestuarve jan\u00eb kat\u00ebr shqiptar\u00eb, dy me banim n\u00eb Milano e dy n\u00eb Emilia Romanja.<\/p>\n<p>Krimet e hetuara nga organi i akuz\u00ebs jan\u00eb vjedhja, pastrimi i parave dhe marrja e mallrave t\u00eb vjedhura. Gjasht\u00eb vjedhje jan\u00eb konstatuar n\u00eb vendet e nd\u00ebrtimit n\u00eb Italin\u00eb Veriore (Dalmine, Ridiamo, Tortona, tre n\u00eb Fontevivo).<\/p>\n<p>Vlera e automjeteve t\u00eb vjedhura arrinte n\u00eb rreth nj\u00eb 1,5 milion euro.<\/p>\n<p><a href=\"https:\/\/www.liberta.it\/news\/cronaca\/2019\/10\/28\/rubavano-escavatori-e-li-vendevano-in-albania-7-arresti-furti-per-un-milione-e-mezzo-di-euro\/\">https:\/\/www.liberta.it\/news\/cronaca\/2019\/10\/28\/rubavano-escavatori-e-li-vendevano-in-albania-7-arresti-furti-per-un-milione-e-mezzo-di-euro\/<\/a><\/p>\n<p><img decoding=\"async\" src=\"https:\/\/www.syri.net\/uploads\/syri.net\/images\/2019\/October\/28\/auto_Screenshot_21572278419.jpg\" alt=\"Image\" \/><\/p>\n<p>&nbsp;<\/p>\n<p>&nbsp;<\/p>\n<\/div>\n<div id=\"rekl-33\"><\/div>","protected":false},"excerpt":{"rendered":"<p>Karabinier\u00ebt e Compagnia di Fiorenzuola n\u00eb Itali kan\u00eb zbuluar nj\u00eb grup kriminal q\u00eb merrej me vjedhje t\u00eb eskavator\u00ebve, t\u00eb cil\u00ebt m\u00eb pas i sillnin p\u00ebr ti shitur n\u00eb Shqip\u00ebri. Ka qen\u00eb nj\u00eb qytetar q\u00eb ka b\u00ebr\u00eb denoncimin n\u00eb polici dhe m\u00eb pas, hetimet kan\u00eb zbuluar edhe grupimin kriminal q\u00eb merrej me k\u00ebt\u00eb veprimtari t\u00eb jasht\u00ebligjshme. [&hellip;]<\/p>\n","protected":false},"author":2013,"featured_media":111785,"comment_status":"open","ping_status":"closed","sticky":false,"template":"","format":"standard","meta":{"footnotes":""},"categories":[241,235],"tags":[],"class_list":{"0":"post-111784","1":"post","2":"type-post","3":"status-publish","4":"format-standard","5":"has-post-thumbnail","7":"category-aktualitet","8":"category-vendi"},"_links":{"self":[{"href":"https:\/\/zjarr.tv\/en\/wp-json\/wp\/v2\/posts\/111784","targetHints":{"allow":["GET"]}}],"collection":[{"href":"https:\/\/zjarr.tv\/en\/wp-json\/wp\/v2\/posts"}],"about":[{"href":"https:\/\/zjarr.tv\/en\/wp-json\/wp\/v2\/types\/post"}],"author":[{"embeddable":true,"href":"https:\/\/zjarr.tv\/en\/wp-json\/wp\/v2\/users\/2013"}],"replies":[{"embeddable":true,"href":"https:\/\/zjarr.tv\/en\/wp-json\/wp\/v2\/comments?post=111784"}],"version-history":[{"count":0,"href":"https:\/\/zjarr.tv\/en\/wp-json\/wp\/v2\/posts\/111784\/revisions"}],"wp:featuredmedia":[{"embeddable":true,"href":"https:\/\/zjarr.tv\/en\/wp-json\/wp\/v2\/media\/111785"}],"wp:attachment":[{"href":"https:\/\/zjarr.tv\/en\/wp-json\/wp\/v2\/media?parent=111784"}],"wp:term":[{"taxonomy":"category","embeddable":true,"href":"https:\/\/zjarr.tv\/en\/wp-json\/wp\/v2\/categories?post=111784"},{"taxonomy":"post_tag","embeddable":true,"href":"https:\/\/zjarr.tv\/en\/wp-json\/wp\/v2\/tags?post=111784"}],"curies":[{"name":"wp","href":"https:\/\/api.w.org\/{rel}","templated":true}]}}