{"id":111796,"date":"2019-10-29T12:06:10","date_gmt":"2019-10-29T11:06:10","guid":{"rendered":"https:\/\/zjarr.tv\/?p=111796"},"modified":"2019-10-29T12:06:10","modified_gmt":"2019-10-29T11:06:10","slug":"sot-vendimi-per-kopshtin-botanik-ne-apel-laborator-kerkimor-shkencor-apo-park","status":"publish","type":"post","link":"https:\/\/zjarr.tv\/en\/sot-vendimi-per-kopshtin-botanik-ne-apel-laborator-kerkimor-shkencor-apo-park\/","title":{"rendered":"Sot vendimi p\u00ebr Kopshtin Botanik n\u00eb Apel: Laborator k\u00ebrkimor shkencor apo park?"},"content":{"rendered":"<p>Gjykata Administrative e Apelit do t\u00eb vendos\u00eb sot n\u00ebse Kopshti Botanik duhet t\u00eb q\u00ebndroj\u00eb n\u00eb pron\u00ebsi t\u00eb Universitetit t\u00eb Tiran\u00ebs apo t\u00eb bashkis\u00eb, si\u00e7 ka vendosur qeveria.<\/p>\n<p>T\u00eb vendosur p\u00ebr t\u2019i shkuar deri n\u00eb fund kauz\u00ebs s\u00eb tyre, pedagog\u00eb e student\u00eb t\u00eb Fakultetit t\u00eb Shkencave t\u00eb Natyr\u00ebs do t\u00eb marshojn\u00eb drejt gjykat\u00ebs p\u00ebr t\u00eb pritur vendimin n\u00eb hyrje t\u00eb godin\u00ebs. Kjo \u00ebsht\u00eb seanca e dyt\u00eb pas d\u00ebshtimit t\u00eb s\u00eb par\u00ebs m\u00eb 9 tetor, p\u00ebr shkak t\u00eb mosparaqitjes s\u00eb pal\u00ebs s\u00eb akuzuar, qeveris\u00eb, shkruan Panorama.<\/p>\n<div class=\"in-artile-read-more\">Sindikata e punonj\u00ebsve t\u00eb universitetit, p\u00ebrfshir\u00eb pedagog\u00eb e administrat\u00eb, s\u00eb bashku me student\u00ebt, bojkotuan m\u00ebsimin n\u00eb shenj\u00eb proteste ndaj vendimit t\u00eb qeveris\u00eb p\u00ebr Kopshtin Botanik. T\u00eb nj\u00ebjt\u00ebn gj\u00eb do t\u00eb b\u00ebjn\u00eb edhe sot, derisa Gjykata Administrative t\u00eb thot\u00eb fjal\u00ebn e saj p\u00ebr k\u00ebt\u00eb \u00e7\u00ebshtje. Kryetari i sindikat\u00ebs s\u00eb punonj\u00ebsve t\u00eb Universitetit t\u00eb Tiran\u00ebs, Qazim Lataj, thot\u00eb se n\u00ebse nuk ka nj\u00eb vendim t\u00eb drejt\u00eb, rezistenca do t\u00eb p\u00ebrshkall\u00ebzohet deri n\u00eb grev\u00eb.<\/div>\n<p>\u201cDo t\u00eb vazhdojm\u00eb me t\u00eb gjitha rrug\u00ebt q\u00eb na njeh ligji. Do jemi n\u00eb k\u00ebrkim t\u00eb s\u00eb drejt\u00ebs son\u00eb. Mund t\u00eb marrim dhe nisma t\u00eb tjera si bojkoti i m\u00ebsimit, greva. P\u00ebr k\u00ebt\u00eb do t\u00eb vendos\u00eb sindikata e fakultetit. Pedagog\u00ebt jan\u00eb t\u00eb vendosur q\u00eb Kopshti t\u00eb mbetet ekskluzivisht vet\u00ebm i tyre, p\u00ebr shkak t\u00eb specifik\u00ebs. P\u00ebr Aleksand\u00ebr Petre, ndryshimi i administrimit n\u00ebnkupton q\u00eb student\u00ebt e pedagog\u00ebt t\u00eb mos shkojn\u00eb m\u00eb n\u00eb Kopshtin Botanik si n\u00eb sht\u00ebpin\u00eb e tyre.<\/p>\n<p>\u201cKopshti Botanik \u00ebsht\u00eb nd\u00ebrtuar si laborator k\u00ebrkimor shkencor pran\u00eb Fakultetit t\u00eb Shkencave q\u00eb n\u00eb 1965-\u00ebn dhe duam q\u00eb kjo trash\u00ebgimi t\u00eb vazhdoj\u00eb. Ai n\u00eb fakt nuk \u00ebsht\u00eb vet\u00ebm nj\u00eb laborator shkencor, por nj\u00eb baz\u00eb ruajtjeje p\u00ebr bim\u00ebt endemike q\u00eb po shkojn\u00eb drejt zhdukjes. S\u00eb dyti, \u00ebsht\u00eb fondi jon\u00eb q\u00eb ne e ruajm\u00eb. Dhe \u00e7\u2019\u00ebsht\u00eb m\u00eb kryesorja, \u00e7do qeveri q\u00eb mund t\u00eb vij\u00eb, mund t\u00eb thot\u00eb ikni se kjo \u00ebsht\u00eb e imja. Nes\u00ebr, pasnes\u00ebr, nuk ngelet asnj\u00eb lloj nd\u00ebrtese, shkoll\u00eb, fakultet, universitet, vet\u00ebm e vet\u00ebm se duhet ndryshuar\u201d, n\u00ebnvizon pedagogu, i revoltuar p\u00ebr faktin q\u00eb nuk jan\u00eb pyetur dhe p\u00ebr destinacionin final t\u00eb pasuris\u00eb s\u00eb krijuar nga paraardh\u00ebsit e tyre.<\/p>\n<p>\u201cM\u00ebnyra e fsheht\u00eb e realizimit, mosdeklarimi i rrug\u00ebs dhe sidomos tregimi i projekteve se \u00e7far\u00eb kan\u00eb nd\u00ebrmend t\u00eb b\u00ebjn\u00eb me Kopshtin Botanik, na l\u00eb t\u00eb dyshojm\u00eb. Ndaj kemi t\u00eb drejt\u00eb t\u00eb protestojm\u00eb\u201d.<\/p>","protected":false},"excerpt":{"rendered":"<p>Gjykata Administrative e Apelit do t\u00eb vendos\u00eb sot n\u00ebse Kopshti Botanik duhet t\u00eb q\u00ebndroj\u00eb n\u00eb pron\u00ebsi t\u00eb Universitetit t\u00eb Tiran\u00ebs apo t\u00eb bashkis\u00eb, si\u00e7 ka vendosur qeveria. T\u00eb vendosur p\u00ebr t\u2019i shkuar deri n\u00eb fund kauz\u00ebs s\u00eb tyre, pedagog\u00eb e student\u00eb t\u00eb Fakultetit t\u00eb Shkencave t\u00eb Natyr\u00ebs do t\u00eb marshojn\u00eb drejt gjykat\u00ebs p\u00ebr t\u00eb pritur [&hellip;]<\/p>\n","protected":false},"author":2013,"featured_media":111797,"comment_status":"open","ping_status":"closed","sticky":false,"template":"","format":"standard","meta":{"footnotes":""},"categories":[241,235],"tags":[],"class_list":{"0":"post-111796","1":"post","2":"type-post","3":"status-publish","4":"format-standard","5":"has-post-thumbnail","7":"category-aktualitet","8":"category-vendi"},"_links":{"self":[{"href":"https:\/\/zjarr.tv\/en\/wp-json\/wp\/v2\/posts\/111796","targetHints":{"allow":["GET"]}}],"collection":[{"href":"https:\/\/zjarr.tv\/en\/wp-json\/wp\/v2\/posts"}],"about":[{"href":"https:\/\/zjarr.tv\/en\/wp-json\/wp\/v2\/types\/post"}],"author":[{"embeddable":true,"href":"https:\/\/zjarr.tv\/en\/wp-json\/wp\/v2\/users\/2013"}],"replies":[{"embeddable":true,"href":"https:\/\/zjarr.tv\/en\/wp-json\/wp\/v2\/comments?post=111796"}],"version-history":[{"count":0,"href":"https:\/\/zjarr.tv\/en\/wp-json\/wp\/v2\/posts\/111796\/revisions"}],"wp:featuredmedia":[{"embeddable":true,"href":"https:\/\/zjarr.tv\/en\/wp-json\/wp\/v2\/media\/111797"}],"wp:attachment":[{"href":"https:\/\/zjarr.tv\/en\/wp-json\/wp\/v2\/media?parent=111796"}],"wp:term":[{"taxonomy":"category","embeddable":true,"href":"https:\/\/zjarr.tv\/en\/wp-json\/wp\/v2\/categories?post=111796"},{"taxonomy":"post_tag","embeddable":true,"href":"https:\/\/zjarr.tv\/en\/wp-json\/wp\/v2\/tags?post=111796"}],"curies":[{"name":"wp","href":"https:\/\/api.w.org\/{rel}","templated":true}]}}