{"id":111802,"date":"2019-10-29T12:07:25","date_gmt":"2019-10-29T11:07:25","guid":{"rendered":"https:\/\/zjarr.tv\/?p=111802"},"modified":"2019-10-29T12:07:25","modified_gmt":"2019-10-29T11:07:25","slug":"meta-nis-viziten-shteterore-dyditore-ne-kroaci","status":"publish","type":"post","link":"https:\/\/zjarr.tv\/en\/meta-nis-viziten-shteterore-dyditore-ne-kroaci\/","title":{"rendered":"Meta nis vizit\u00ebn shtet\u00ebrore dyditore n\u00eb Kroaci"},"content":{"rendered":"<p>Presidenti i vendit Ilir Meta ka nisur sot vizit\u00ebn shtet\u00ebrore n\u00eb Kroaci me ftes\u00eb t\u00eb homologes s\u00eb tij Kolinda Grabar-Kitarovi?.<\/p>\n<p>Vizita shtet\u00ebrore e kreut t\u00eb shtetit n\u00eb Zagreb do t\u00eb zgjas\u00eb dy dit\u00eb.<\/p>\n<p>Ajo vjen n\u00eb prag t\u00eb marrjes p\u00ebr her\u00eb t\u00eb par\u00eb t\u00eb Presidenc\u00ebs s\u00eb Bashkimit Europian nga Kroacia.<\/p>\n<p>N\u00eb Zagreb n\u00eb maj 2020 do t\u00eb zhvillohet edhe Samiti i radh\u00ebs q\u00eb do t\u00eb marr\u00eb n\u00eb shqyrtim k\u00ebrkes\u00ebn e Shqip\u00ebris\u00eb dhe Maqedonis\u00eb s\u00eb Veriut p\u00ebr hapjen e negociatave me BE.<\/p>\n<p>N\u00eb kuad\u00ebr t\u00eb vizit\u00ebs n\u00eb Kroaci, Meta do t\u00eb takohet edhe me Kryetarin e Kuvendit Gordan Jandrokovi?, Kryeministrin Andrej Plenkovi?, si dhe me p\u00ebrfaq\u00ebsues t\u00eb komunitetit shqiptar.<\/p>","protected":false},"excerpt":{"rendered":"<p>Presidenti i vendit Ilir Meta ka nisur sot vizit\u00ebn shtet\u00ebrore n\u00eb Kroaci me ftes\u00eb t\u00eb homologes s\u00eb tij Kolinda Grabar-Kitarovi?. Vizita shtet\u00ebrore e kreut t\u00eb shtetit n\u00eb Zagreb do t\u00eb zgjas\u00eb dy dit\u00eb. Ajo vjen n\u00eb prag t\u00eb marrjes p\u00ebr her\u00eb t\u00eb par\u00eb t\u00eb Presidenc\u00ebs s\u00eb Bashkimit Europian nga Kroacia. N\u00eb Zagreb n\u00eb maj 2020 [&hellip;]<\/p>\n","protected":false},"author":2013,"featured_media":111803,"comment_status":"open","ping_status":"closed","sticky":false,"template":"","format":"standard","meta":{"footnotes":""},"categories":[241,235],"tags":[],"class_list":{"0":"post-111802","1":"post","2":"type-post","3":"status-publish","4":"format-standard","5":"has-post-thumbnail","7":"category-aktualitet","8":"category-vendi"},"_links":{"self":[{"href":"https:\/\/zjarr.tv\/en\/wp-json\/wp\/v2\/posts\/111802","targetHints":{"allow":["GET"]}}],"collection":[{"href":"https:\/\/zjarr.tv\/en\/wp-json\/wp\/v2\/posts"}],"about":[{"href":"https:\/\/zjarr.tv\/en\/wp-json\/wp\/v2\/types\/post"}],"author":[{"embeddable":true,"href":"https:\/\/zjarr.tv\/en\/wp-json\/wp\/v2\/users\/2013"}],"replies":[{"embeddable":true,"href":"https:\/\/zjarr.tv\/en\/wp-json\/wp\/v2\/comments?post=111802"}],"version-history":[{"count":0,"href":"https:\/\/zjarr.tv\/en\/wp-json\/wp\/v2\/posts\/111802\/revisions"}],"wp:featuredmedia":[{"embeddable":true,"href":"https:\/\/zjarr.tv\/en\/wp-json\/wp\/v2\/media\/111803"}],"wp:attachment":[{"href":"https:\/\/zjarr.tv\/en\/wp-json\/wp\/v2\/media?parent=111802"}],"wp:term":[{"taxonomy":"category","embeddable":true,"href":"https:\/\/zjarr.tv\/en\/wp-json\/wp\/v2\/categories?post=111802"},{"taxonomy":"post_tag","embeddable":true,"href":"https:\/\/zjarr.tv\/en\/wp-json\/wp\/v2\/tags?post=111802"}],"curies":[{"name":"wp","href":"https:\/\/api.w.org\/{rel}","templated":true}]}}