{"id":111815,"date":"2019-10-29T12:12:30","date_gmt":"2019-10-29T11:12:30","guid":{"rendered":"https:\/\/zjarr.tv\/?p=111815"},"modified":"2019-10-29T12:12:30","modified_gmt":"2019-10-29T11:12:30","slug":"shtyhet-pretenca-per-arber-cekajn-shkak-avokati-i-semure","status":"publish","type":"post","link":"https:\/\/zjarr.tv\/en\/shtyhet-pretenca-per-arber-cekajn-shkak-avokati-i-semure\/","title":{"rendered":"Shtyhet pretenca p\u00ebr Arb\u00ebr \u00c7ekajn, shkak, avokati i s\u00ebmur\u00eb"},"content":{"rendered":"<div class=\"readmore-text-here\">\n<p>Gjykata e Krimeve t\u00eb R\u00ebnda ka shtyr\u00eb s\u00ebrish dh\u00ebnien e pretenc\u00ebs p\u00ebr Arb\u00ebr \u00c7ekjan, biznesmenin e akuzuar p\u00ebr trafikimin e 613 kg kokain\u00eb.<\/p>\n<p>Shkak \u00ebsht\u00eb b\u00ebr\u00eb gjendja sh\u00ebndet\u00ebsore e avokatit Maks Haxhia i cili pak jav\u00eb m\u00eb par\u00eb u shtrua me urgjenc\u00eb n\u00eb spital dhe iu n\u00ebnshtrua nj\u00eb nd\u00ebrhyrjerje kirurgjikale.<\/p>\n<p>\u00c7ekaj fitoi gjykim t\u00eb shkurtuar pak\u00a0jav\u00eb m\u00eb par\u00eb.\u00a0Arb\u00ebr \u00c7ekaj\u00a0u esktradua rreth nj\u00eb muaj m\u00eb par\u00eb nga Gjermania.<\/p>\n<div id=\"rekl-13\">\n<div id=\"__sap-ad-15\" class=\"__sap-ads __sap-html tracked\" data-title=\"Credins desktop 08\"><ins><\/p>\n<div id=\"beacon_9f32095fe7\"><\/div>\n<p><\/ins><\/div>\n<\/div>\n<\/div>\n<div id=\"rekl-33\"><\/div>","protected":false},"excerpt":{"rendered":"<p>Gjykata e Krimeve t\u00eb R\u00ebnda ka shtyr\u00eb s\u00ebrish dh\u00ebnien e pretenc\u00ebs p\u00ebr Arb\u00ebr \u00c7ekjan, biznesmenin e akuzuar p\u00ebr trafikimin e 613 kg kokain\u00eb. Shkak \u00ebsht\u00eb b\u00ebr\u00eb gjendja sh\u00ebndet\u00ebsore e avokatit Maks Haxhia i cili pak jav\u00eb m\u00eb par\u00eb u shtrua me urgjenc\u00eb n\u00eb spital dhe iu n\u00ebnshtrua nj\u00eb nd\u00ebrhyrjerje kirurgjikale. \u00c7ekaj fitoi gjykim t\u00eb shkurtuar [&hellip;]<\/p>\n","protected":false},"author":2013,"featured_media":44639,"comment_status":"open","ping_status":"closed","sticky":false,"template":"","format":"standard","meta":{"footnotes":""},"categories":[241,235],"tags":[],"class_list":{"0":"post-111815","1":"post","2":"type-post","3":"status-publish","4":"format-standard","5":"has-post-thumbnail","7":"category-aktualitet","8":"category-vendi"},"_links":{"self":[{"href":"https:\/\/zjarr.tv\/en\/wp-json\/wp\/v2\/posts\/111815","targetHints":{"allow":["GET"]}}],"collection":[{"href":"https:\/\/zjarr.tv\/en\/wp-json\/wp\/v2\/posts"}],"about":[{"href":"https:\/\/zjarr.tv\/en\/wp-json\/wp\/v2\/types\/post"}],"author":[{"embeddable":true,"href":"https:\/\/zjarr.tv\/en\/wp-json\/wp\/v2\/users\/2013"}],"replies":[{"embeddable":true,"href":"https:\/\/zjarr.tv\/en\/wp-json\/wp\/v2\/comments?post=111815"}],"version-history":[{"count":0,"href":"https:\/\/zjarr.tv\/en\/wp-json\/wp\/v2\/posts\/111815\/revisions"}],"wp:featuredmedia":[{"embeddable":true,"href":"https:\/\/zjarr.tv\/en\/wp-json\/wp\/v2\/media\/44639"}],"wp:attachment":[{"href":"https:\/\/zjarr.tv\/en\/wp-json\/wp\/v2\/media?parent=111815"}],"wp:term":[{"taxonomy":"category","embeddable":true,"href":"https:\/\/zjarr.tv\/en\/wp-json\/wp\/v2\/categories?post=111815"},{"taxonomy":"post_tag","embeddable":true,"href":"https:\/\/zjarr.tv\/en\/wp-json\/wp\/v2\/tags?post=111815"}],"curies":[{"name":"wp","href":"https:\/\/api.w.org\/{rel}","templated":true}]}}