{"id":111825,"date":"2019-10-29T12:38:53","date_gmt":"2019-10-29T11:38:53","guid":{"rendered":"https:\/\/zjarr.tv\/?p=111825"},"modified":"2019-10-29T12:38:53","modified_gmt":"2019-10-29T11:38:53","slug":"kerkoi-rikthimin-ne-detyre-klgj-refuzon-gjyqtarin-e-skandalit-seksual","status":"publish","type":"post","link":"https:\/\/zjarr.tv\/en\/kerkoi-rikthimin-ne-detyre-klgj-refuzon-gjyqtarin-e-skandalit-seksual\/","title":{"rendered":"K\u00ebrkoi rikthimin n\u00eb detyr\u00eb, KLGJ refuzon gjyqtarin e skandalit seksual"},"content":{"rendered":"<p>K\u00ebshilli i Lart\u00eb i Gjyq\u00ebsorit ka rr\u00ebzuar k\u00ebrkes\u00ebn e gjyqtarit Guximtar Bo\u00e7i, i cili kishte k\u00ebrkuar rikthimin n\u00eb detyr\u00eb, pasi u shkarkua nga detyra n\u00eb vitin 2016 nga KLD p\u00ebr shkak t\u00eb nj\u00eb skandali seksual.<\/p>\n<p>Ish-gjyqtari Bo\u00e7i ka drejtuar k\u00ebrkesa n\u00eb m\u00ebnyr\u00eb t\u00eb p\u00ebrs\u00ebritur n\u00eb KLD prej 09.06.2017 e n\u00eb vazhdim duke k\u00ebrkuar rikthimin n\u00eb detyr\u00eb, por k\u00ebrkesa e tij nuk jan\u00eb marr\u00eb n\u00eb shqyrtim.<\/p>\n<p>K\u00ebrkesa e par\u00eb \u00ebsht\u00eb drejtuar n\u00eb dat\u00ebn 9 qershor 2017, nd\u00ebrsa k\u00ebrkesa e fundit q\u00eb i drejtohet organit t\u00eb ri KLGJ mban dat\u00ebn 20 dhjetor 2018.<br \/>\nShkarkimi i gjyqtarit Bo\u00e7i u mb\u00ebshtet n\u00eb disa fakte t\u00eb b\u00ebra publike n\u00eb media, n\u00eb nj\u00eb emision investigativ, ku ai akuzohej p\u00ebr afera seksuale dhe korrupsion pasiv.<\/p>","protected":false},"excerpt":{"rendered":"<p>K\u00ebshilli i Lart\u00eb i Gjyq\u00ebsorit ka rr\u00ebzuar k\u00ebrkes\u00ebn e gjyqtarit Guximtar Bo\u00e7i, i cili kishte k\u00ebrkuar rikthimin n\u00eb detyr\u00eb, pasi u shkarkua nga detyra n\u00eb vitin 2016 nga KLD p\u00ebr shkak t\u00eb nj\u00eb skandali seksual. Ish-gjyqtari Bo\u00e7i ka drejtuar k\u00ebrkesa n\u00eb m\u00ebnyr\u00eb t\u00eb p\u00ebrs\u00ebritur n\u00eb KLD prej 09.06.2017 e n\u00eb vazhdim duke k\u00ebrkuar rikthimin n\u00eb [&hellip;]<\/p>\n","protected":false},"author":2013,"featured_media":111826,"comment_status":"open","ping_status":"closed","sticky":false,"template":"","format":"standard","meta":{"footnotes":""},"categories":[241,235],"tags":[],"class_list":{"0":"post-111825","1":"post","2":"type-post","3":"status-publish","4":"format-standard","5":"has-post-thumbnail","7":"category-aktualitet","8":"category-vendi"},"_links":{"self":[{"href":"https:\/\/zjarr.tv\/en\/wp-json\/wp\/v2\/posts\/111825","targetHints":{"allow":["GET"]}}],"collection":[{"href":"https:\/\/zjarr.tv\/en\/wp-json\/wp\/v2\/posts"}],"about":[{"href":"https:\/\/zjarr.tv\/en\/wp-json\/wp\/v2\/types\/post"}],"author":[{"embeddable":true,"href":"https:\/\/zjarr.tv\/en\/wp-json\/wp\/v2\/users\/2013"}],"replies":[{"embeddable":true,"href":"https:\/\/zjarr.tv\/en\/wp-json\/wp\/v2\/comments?post=111825"}],"version-history":[{"count":0,"href":"https:\/\/zjarr.tv\/en\/wp-json\/wp\/v2\/posts\/111825\/revisions"}],"wp:featuredmedia":[{"embeddable":true,"href":"https:\/\/zjarr.tv\/en\/wp-json\/wp\/v2\/media\/111826"}],"wp:attachment":[{"href":"https:\/\/zjarr.tv\/en\/wp-json\/wp\/v2\/media?parent=111825"}],"wp:term":[{"taxonomy":"category","embeddable":true,"href":"https:\/\/zjarr.tv\/en\/wp-json\/wp\/v2\/categories?post=111825"},{"taxonomy":"post_tag","embeddable":true,"href":"https:\/\/zjarr.tv\/en\/wp-json\/wp\/v2\/tags?post=111825"}],"curies":[{"name":"wp","href":"https:\/\/api.w.org\/{rel}","templated":true}]}}