{"id":111833,"date":"2019-10-29T12:42:47","date_gmt":"2019-10-29T11:42:47","guid":{"rendered":"https:\/\/zjarr.tv\/?p=111833"},"modified":"2019-10-29T12:42:47","modified_gmt":"2019-10-29T11:42:47","slug":"e-nominuara-per-ambasadore-ne-shqiperi-sot-perballe-senatit-amerikan","status":"publish","type":"post","link":"https:\/\/zjarr.tv\/en\/e-nominuara-per-ambasadore-ne-shqiperi-sot-perballe-senatit-amerikan\/","title":{"rendered":"E nominuara p\u00ebr ambasadore n\u00eb Shqip\u00ebri sot p\u00ebrball\u00eb Senatit Amerikan"},"content":{"rendered":"<p>Do t\u00eb jet\u00eb sot seanca d\u00ebgjimore e t\u00eb nominuar\u00ebs p\u00ebr ambasadore t\u00eb SHBA-s\u00eb n\u00eb Shqip\u00ebri.<\/p>\n<p>P\u00ebrballja pritet t\u00eb jet\u00eb n\u00eb or\u00ebn 14:30 me or\u00ebn ton\u00eb n\u00eb senatin amerikan.<\/p>\n<p>Lajmi p\u00ebr zhvillimin e seanc\u00ebs d\u00ebgjimore me Yuri Kim \u00ebsht\u00eb publikuar n\u00eb faqen zyrtare t\u00eb Senatit amerikan.<\/p>\n<p>Q\u00eb prej majit t\u00eb 2018-\u00ebs, Ambasada e SHBA n\u00eb Tiran\u00eb nuk ka nj\u00eb drejtues, pas largimit t\u00eb ambasadorit Donald Lu, nd\u00ebrkoh\u00eb q\u00eb aktualisht ambasada amerikane n\u00eb Shqip\u00ebri drejtohet nga zv\/ ambasadorja, e ngarkura me pun\u00eb \u00a0Leyla Moses Ones.<\/p>","protected":false},"excerpt":{"rendered":"<p>Do t\u00eb jet\u00eb sot seanca d\u00ebgjimore e t\u00eb nominuar\u00ebs p\u00ebr ambasadore t\u00eb SHBA-s\u00eb n\u00eb Shqip\u00ebri. P\u00ebrballja pritet t\u00eb jet\u00eb n\u00eb or\u00ebn 14:30 me or\u00ebn ton\u00eb n\u00eb senatin amerikan. Lajmi p\u00ebr zhvillimin e seanc\u00ebs d\u00ebgjimore me Yuri Kim \u00ebsht\u00eb publikuar n\u00eb faqen zyrtare t\u00eb Senatit amerikan. Q\u00eb prej majit t\u00eb 2018-\u00ebs, Ambasada e SHBA n\u00eb Tiran\u00eb [&hellip;]<\/p>\n","protected":false},"author":2013,"featured_media":111834,"comment_status":"open","ping_status":"closed","sticky":false,"template":"","format":"standard","meta":{"footnotes":""},"categories":[241,235],"tags":[],"class_list":{"0":"post-111833","1":"post","2":"type-post","3":"status-publish","4":"format-standard","5":"has-post-thumbnail","7":"category-aktualitet","8":"category-vendi"},"_links":{"self":[{"href":"https:\/\/zjarr.tv\/en\/wp-json\/wp\/v2\/posts\/111833","targetHints":{"allow":["GET"]}}],"collection":[{"href":"https:\/\/zjarr.tv\/en\/wp-json\/wp\/v2\/posts"}],"about":[{"href":"https:\/\/zjarr.tv\/en\/wp-json\/wp\/v2\/types\/post"}],"author":[{"embeddable":true,"href":"https:\/\/zjarr.tv\/en\/wp-json\/wp\/v2\/users\/2013"}],"replies":[{"embeddable":true,"href":"https:\/\/zjarr.tv\/en\/wp-json\/wp\/v2\/comments?post=111833"}],"version-history":[{"count":0,"href":"https:\/\/zjarr.tv\/en\/wp-json\/wp\/v2\/posts\/111833\/revisions"}],"wp:featuredmedia":[{"embeddable":true,"href":"https:\/\/zjarr.tv\/en\/wp-json\/wp\/v2\/media\/111834"}],"wp:attachment":[{"href":"https:\/\/zjarr.tv\/en\/wp-json\/wp\/v2\/media?parent=111833"}],"wp:term":[{"taxonomy":"category","embeddable":true,"href":"https:\/\/zjarr.tv\/en\/wp-json\/wp\/v2\/categories?post=111833"},{"taxonomy":"post_tag","embeddable":true,"href":"https:\/\/zjarr.tv\/en\/wp-json\/wp\/v2\/tags?post=111833"}],"curies":[{"name":"wp","href":"https:\/\/api.w.org\/{rel}","templated":true}]}}