{"id":112137,"date":"2019-11-03T16:58:30","date_gmt":"2019-11-03T15:58:30","guid":{"rendered":"https:\/\/zjarr.tv\/?p=112137"},"modified":"2019-11-03T16:58:30","modified_gmt":"2019-11-03T15:58:30","slug":"kerkuan-azil-ne-france-dhe-belgjike-riatdhesohen-36-shqiptare-apeli-i-ministrise-se-brendshme","status":"publish","type":"post","link":"https:\/\/zjarr.tv\/en\/kerkuan-azil-ne-france-dhe-belgjike-riatdhesohen-36-shqiptare-apeli-i-ministrise-se-brendshme\/","title":{"rendered":"K\u00ebrkuan azil n\u00eb Franc\u00eb dhe Belgjik\u00eb, riatdhesohen 36 shqiptar\u00eb, apeli i ministris\u00eb s\u00eb Brendshme"},"content":{"rendered":"<p>Tridhjet\u00eb e gjasht\u00eb shqiptar\u00eb, t\u00eb cil\u00ebt kishin k\u00ebrkuar azil n\u00eb Franc\u00eb dhe n\u00eb Belgjik\u00eb jan\u00eb rikthyer s\u00ebrish n\u00eb Shqip\u00ebri. Policia b\u00ebn me dije se shqiptar\u00ebt kan\u00eb thyer rregullat e l\u00ebvizjes shengen.<\/p>\n<p>Ky operacion u zhvillua dit\u00ebn e djeshme dhe ishte i\u00a0 organizuar nga Franca n\u00eb bashk\u00ebpunim me Frontex-in, dhe me mb\u00ebshtetjen e eskort\u00ebs s\u00eb Policis\u00eb Kufitare shqiptare. Ministria e Brendshme iu b\u00ebn apel qytetar\u00ebve shqiptar\u00eb t\u00eb mos synojn\u00eb azilin n\u00eb vendet e Europ\u00ebs pasi mund\u00ebsia p\u00ebr ta fituar at\u00eb \u00ebsht\u00eb pothuajse zero.<\/p>\n<div id=\"pa_1x1_psbk_1572796688199\"><\/div>\n<h2><strong>Njoftimi i policis\u00eb:<\/strong><\/h2>\n<p>Rinas \u2013 Vijojn\u00eb operacionet e riatdhesimit t\u00eb shtetasve q\u00eb kan\u00eb k\u00ebrkuar azil apo kan\u00eb shkelur rregullat e q\u00ebndrimit n\u00eb hap\u00ebsir\u00ebn Schengen Riatdhesohen\u00a0 36 shtetas shqiptar\u00eb t\u00eb cil\u00ebt kishin k\u00ebrkuar azil n\u00eb Franc\u00eb dhe Belgjik\u00eb.<\/p>\n<p>Operacioni i radh\u00ebs u zhvillua dit\u00ebn e djeshme dhe ishte i\u00a0 organizuar nga Franca n\u00eb bashk\u00ebpunim me Frontex-in, dhe me mb\u00ebshtetjen e eskort\u00ebs s\u00eb Policis\u00eb Kufitare shqiptare.\u00a0 Gjat\u00eb k\u00ebtij operacioni jan\u00eb riatdhesuar 36 shtetas shqiptar\u00eb, t\u00eb cil\u00ebt kishin shkelur rregullat e q\u00ebndrimit n\u00eb vendet e BE-s\u00eb, apo u \u00ebsht\u00eb refuzuar dh\u00ebnia e azilit, nga k\u00ebta: 31 nga Franca dhe 5 nga Belgjika.<\/p>\n<p>Operacionet e riatdhesimit do t\u00eb vijojn\u00eb edhe n\u00eb jav\u00ebt e ardhshme. Nd\u00ebrkoh\u00eb Policia Kufitare ka forcuar\u00a0 kontrollet n\u00eb pikat e kalimit kufitar, n\u00eb drejtim t\u00eb verifikimit t\u00eb dokumentacionit dhe plot\u00ebsimit t\u00eb kushteve p\u00ebr t\u00eb udh\u00ebtuar n\u00eb vendet e BE-s\u00eb, si dhe ka shtuar patrullat\u00a0 n\u00eb kufirin jeshil p\u00ebr t\u00eb parandaluar kalimin e paligjsh\u00ebm t\u00eb kufirit. Ministria e Brendshme dhe Policia e Shtetit apelojn\u00eb p\u00ebr t\u00eb gjith\u00eb shtetasit shqiptar\u00eb q\u00eb t\u00eb respektojn\u00eb rregullat e l\u00ebvizjes dhe t\u00eb q\u00ebndrimit n\u00eb hap\u00ebsir\u00ebn Schengen, pasi shanset p\u00ebr t\u00eb fituar azil n\u00eb vendet e BE-s\u00eb jan\u00eb zero.<\/p>","protected":false},"excerpt":{"rendered":"<p>Tridhjet\u00eb e gjasht\u00eb shqiptar\u00eb, t\u00eb cil\u00ebt kishin k\u00ebrkuar azil n\u00eb Franc\u00eb dhe n\u00eb Belgjik\u00eb jan\u00eb rikthyer s\u00ebrish n\u00eb Shqip\u00ebri. Policia b\u00ebn me dije se shqiptar\u00ebt kan\u00eb thyer rregullat e l\u00ebvizjes shengen. Ky operacion u zhvillua dit\u00ebn e djeshme dhe ishte i\u00a0 organizuar nga Franca n\u00eb bashk\u00ebpunim me Frontex-in, dhe me mb\u00ebshtetjen e eskort\u00ebs s\u00eb Policis\u00eb [&hellip;]<\/p>\n","protected":false},"author":2013,"featured_media":112138,"comment_status":"open","ping_status":"closed","sticky":false,"template":"","format":"standard","meta":{"footnotes":""},"categories":[241,235],"tags":[],"class_list":{"0":"post-112137","1":"post","2":"type-post","3":"status-publish","4":"format-standard","5":"has-post-thumbnail","7":"category-aktualitet","8":"category-vendi"},"_links":{"self":[{"href":"https:\/\/zjarr.tv\/en\/wp-json\/wp\/v2\/posts\/112137","targetHints":{"allow":["GET"]}}],"collection":[{"href":"https:\/\/zjarr.tv\/en\/wp-json\/wp\/v2\/posts"}],"about":[{"href":"https:\/\/zjarr.tv\/en\/wp-json\/wp\/v2\/types\/post"}],"author":[{"embeddable":true,"href":"https:\/\/zjarr.tv\/en\/wp-json\/wp\/v2\/users\/2013"}],"replies":[{"embeddable":true,"href":"https:\/\/zjarr.tv\/en\/wp-json\/wp\/v2\/comments?post=112137"}],"version-history":[{"count":0,"href":"https:\/\/zjarr.tv\/en\/wp-json\/wp\/v2\/posts\/112137\/revisions"}],"wp:featuredmedia":[{"embeddable":true,"href":"https:\/\/zjarr.tv\/en\/wp-json\/wp\/v2\/media\/112138"}],"wp:attachment":[{"href":"https:\/\/zjarr.tv\/en\/wp-json\/wp\/v2\/media?parent=112137"}],"wp:term":[{"taxonomy":"category","embeddable":true,"href":"https:\/\/zjarr.tv\/en\/wp-json\/wp\/v2\/categories?post=112137"},{"taxonomy":"post_tag","embeddable":true,"href":"https:\/\/zjarr.tv\/en\/wp-json\/wp\/v2\/tags?post=112137"}],"curies":[{"name":"wp","href":"https:\/\/api.w.org\/{rel}","templated":true}]}}