{"id":112142,"date":"2019-11-03T17:02:05","date_gmt":"2019-11-03T16:02:05","guid":{"rendered":"https:\/\/zjarr.tv\/?p=112142"},"modified":"2019-11-03T17:02:05","modified_gmt":"2019-11-03T16:02:05","slug":"video-ilir-meta-ndan-me-publikun-festen-e-komunitetit-shqiptar-ne-ukraine","status":"publish","type":"post","link":"https:\/\/zjarr.tv\/en\/video-ilir-meta-ndan-me-publikun-festen-e-komunitetit-shqiptar-ne-ukraine\/","title":{"rendered":"Video\/ Ilir Meta ndan me publikun fest\u00ebn e komunitetit shqiptar n\u00eb Ukrain\u00eb"},"content":{"rendered":"<p>Presidenti i Republik\u00ebs, Ilir Meta, ka shp\u00ebrndar\u00eb fotot dhe videot e nj\u00eb aktivitet q\u00eb Agjencia Komb\u00ebtare e Diaspor\u00ebs organizoi p\u00ebr komunitetin shqiptar n\u00eb Ukrain\u00eb.<\/p>\n<div id=\"pa_1x1_psbk_1572796896435\"><\/div>\n<p>Kreu i Shtetit\u00a0 ka ndar\u00eb n\u00eb faqen e tij zyrtare n\u00eb \u201cFacebook\u201d pamjet e publikuara nga ministri i Diaspor\u00ebs, Pandeli Majko, me 31 tetor t\u00eb koncertit t\u00eb Ansamblit Komb\u00ebtar t\u00eb K\u00ebng\u00ebve dhe Valleve Popullore n\u00eb sken\u00ebn e Teatrit Akademik t\u00eb Komedis\u00eb Muzikore n\u00eb Odessa.<\/p>\n<div id=\"sticky-video--close-button\" class=\"sticky-video--close-button-visible\"><\/div>\n<p><iframe src=\"https:\/\/www.facebook.com\/plugins\/video.php?href=https%3A%2F%2Fwww.facebook.com%2Fpandelimajkodiaspora%2Fvideos%2F406120300084633%2F&amp;show_text=0&amp;width=560\" frameborder=\"0\" scrolling=\"no\" allowfullscreen=\"allowfullscreen\" data-sticky-video-state=\"sticky\" data-mce-fragment=\"1\"><\/iframe><\/p>\n<p>\u201cPo ndodh \/ Koncerti i Ansamblit Komb\u00ebtar i K\u00ebng\u00ebve dhe Valleve Popullore n\u00eb sken\u00ebn e Teatrit Akademik t\u00eb Komedis\u00eb Muzikore n\u00eb Odessa. Nj\u00eb koncert ky i realizuar nga Agjencia Komb\u00ebtare e Diaspor\u00ebs p\u00ebr komunitetin shqiptar n\u00eb Ukrain\u00eb\u201d, thuhet n\u00eb postimin e ministrit Majko, i cili ishte prezent n\u00eb k\u00ebt\u00eb fest\u00eb ku natyrisht nuk munguan motivet komb\u00ebtare shqiptare.<\/p>","protected":false},"excerpt":{"rendered":"<p>Presidenti i Republik\u00ebs, Ilir Meta, ka shp\u00ebrndar\u00eb fotot dhe videot e nj\u00eb aktivitet q\u00eb Agjencia Komb\u00ebtare e Diaspor\u00ebs organizoi p\u00ebr komunitetin shqiptar n\u00eb Ukrain\u00eb. Kreu i Shtetit\u00a0 ka ndar\u00eb n\u00eb faqen e tij zyrtare n\u00eb \u201cFacebook\u201d pamjet e publikuara nga ministri i Diaspor\u00ebs, Pandeli Majko, me 31 tetor t\u00eb koncertit t\u00eb Ansamblit Komb\u00ebtar t\u00eb K\u00ebng\u00ebve [&hellip;]<\/p>\n","protected":false},"author":2013,"featured_media":112143,"comment_status":"open","ping_status":"closed","sticky":false,"template":"","format":"standard","meta":{"footnotes":""},"categories":[241,235],"tags":[],"class_list":{"0":"post-112142","1":"post","2":"type-post","3":"status-publish","4":"format-standard","5":"has-post-thumbnail","7":"category-aktualitet","8":"category-vendi"},"_links":{"self":[{"href":"https:\/\/zjarr.tv\/en\/wp-json\/wp\/v2\/posts\/112142","targetHints":{"allow":["GET"]}}],"collection":[{"href":"https:\/\/zjarr.tv\/en\/wp-json\/wp\/v2\/posts"}],"about":[{"href":"https:\/\/zjarr.tv\/en\/wp-json\/wp\/v2\/types\/post"}],"author":[{"embeddable":true,"href":"https:\/\/zjarr.tv\/en\/wp-json\/wp\/v2\/users\/2013"}],"replies":[{"embeddable":true,"href":"https:\/\/zjarr.tv\/en\/wp-json\/wp\/v2\/comments?post=112142"}],"version-history":[{"count":0,"href":"https:\/\/zjarr.tv\/en\/wp-json\/wp\/v2\/posts\/112142\/revisions"}],"wp:featuredmedia":[{"embeddable":true,"href":"https:\/\/zjarr.tv\/en\/wp-json\/wp\/v2\/media\/112143"}],"wp:attachment":[{"href":"https:\/\/zjarr.tv\/en\/wp-json\/wp\/v2\/media?parent=112142"}],"wp:term":[{"taxonomy":"category","embeddable":true,"href":"https:\/\/zjarr.tv\/en\/wp-json\/wp\/v2\/categories?post=112142"},{"taxonomy":"post_tag","embeddable":true,"href":"https:\/\/zjarr.tv\/en\/wp-json\/wp\/v2\/tags?post=112142"}],"curies":[{"name":"wp","href":"https:\/\/api.w.org\/{rel}","templated":true}]}}