{"id":112154,"date":"2019-11-04T14:08:49","date_gmt":"2019-11-04T13:08:49","guid":{"rendered":"https:\/\/zjarr.tv\/?p=112154"},"modified":"2019-11-04T14:08:49","modified_gmt":"2019-11-04T13:08:49","slug":"i-denuar-per-droge-arrestohet-29-vjecari-ne-malesine-e-madhe","status":"publish","type":"post","link":"https:\/\/zjarr.tv\/en\/i-denuar-per-droge-arrestohet-29-vjecari-ne-malesine-e-madhe\/","title":{"rendered":"I d\u00ebnuar p\u00ebr drog\u00eb, arrestohet 29 vje\u00e7ari n\u00eb Mal\u00ebsin\u00eb e Madhe"},"content":{"rendered":"<p>Policia e Mal\u00ebsis\u00eb s\u00eb Madhe ka v\u00ebn\u00eb n\u00eb pranga nj\u00eb t\u00eb ri t\u00eb d\u00ebnuar p\u00ebr l\u00ebnd\u00eb narkotike. Operacioni i koduar \u201cIvanaj\u201d u finalizua me arrestimin e shtetasit A. R., 29 vje\u00e7, banues n\u00eb fshatin Ivanaj, Mal\u00ebsi e Madhe.<\/p>\n<p>I riu ishte n\u00eb k\u00ebrkim pasi Gjykata e Apelit Shkod\u00ebr, me vendimin nr. 243 dat\u00eb 21.06.2019, e ka denuar me 4 vite e 8 muaj burg, p\u00ebr vepr\u00ebn penale &#8221;Prodhimi dhe shitja e l\u00ebnd\u00ebve narkotike\u201d e kryer n\u00eb bashk\u00ebpunim.<\/p>\n<p>Materialet iu referuan Prokuroris\u00eb s\u00eb Rrethit Gjyq\u00ebsor Shkod\u00ebr, p\u00ebr veprime t\u00eb metejshme.<\/p>","protected":false},"excerpt":{"rendered":"<p>Policia e Mal\u00ebsis\u00eb s\u00eb Madhe ka v\u00ebn\u00eb n\u00eb pranga nj\u00eb t\u00eb ri t\u00eb d\u00ebnuar p\u00ebr l\u00ebnd\u00eb narkotike. Operacioni i koduar \u201cIvanaj\u201d u finalizua me arrestimin e shtetasit A. R., 29 vje\u00e7, banues n\u00eb fshatin Ivanaj, Mal\u00ebsi e Madhe. I riu ishte n\u00eb k\u00ebrkim pasi Gjykata e Apelit Shkod\u00ebr, me vendimin nr. 243 dat\u00eb 21.06.2019, e [&hellip;]<\/p>\n","protected":false},"author":2013,"featured_media":112156,"comment_status":"open","ping_status":"closed","sticky":false,"template":"","format":"standard","meta":{"footnotes":""},"categories":[241,235],"tags":[],"class_list":{"0":"post-112154","1":"post","2":"type-post","3":"status-publish","4":"format-standard","5":"has-post-thumbnail","7":"category-aktualitet","8":"category-vendi"},"_links":{"self":[{"href":"https:\/\/zjarr.tv\/en\/wp-json\/wp\/v2\/posts\/112154","targetHints":{"allow":["GET"]}}],"collection":[{"href":"https:\/\/zjarr.tv\/en\/wp-json\/wp\/v2\/posts"}],"about":[{"href":"https:\/\/zjarr.tv\/en\/wp-json\/wp\/v2\/types\/post"}],"author":[{"embeddable":true,"href":"https:\/\/zjarr.tv\/en\/wp-json\/wp\/v2\/users\/2013"}],"replies":[{"embeddable":true,"href":"https:\/\/zjarr.tv\/en\/wp-json\/wp\/v2\/comments?post=112154"}],"version-history":[{"count":0,"href":"https:\/\/zjarr.tv\/en\/wp-json\/wp\/v2\/posts\/112154\/revisions"}],"wp:featuredmedia":[{"embeddable":true,"href":"https:\/\/zjarr.tv\/en\/wp-json\/wp\/v2\/media\/112156"}],"wp:attachment":[{"href":"https:\/\/zjarr.tv\/en\/wp-json\/wp\/v2\/media?parent=112154"}],"wp:term":[{"taxonomy":"category","embeddable":true,"href":"https:\/\/zjarr.tv\/en\/wp-json\/wp\/v2\/categories?post=112154"},{"taxonomy":"post_tag","embeddable":true,"href":"https:\/\/zjarr.tv\/en\/wp-json\/wp\/v2\/tags?post=112154"}],"curies":[{"name":"wp","href":"https:\/\/api.w.org\/{rel}","templated":true}]}}