{"id":112161,"date":"2019-11-04T14:10:57","date_gmt":"2019-11-04T13:10:57","guid":{"rendered":"https:\/\/zjarr.tv\/?p=112161"},"modified":"2019-11-04T14:10:57","modified_gmt":"2019-11-04T13:10:57","slug":"video-rrjeti-5g-vasili-edi-rama-kunder-shba","status":"publish","type":"post","link":"https:\/\/zjarr.tv\/en\/video-rrjeti-5g-vasili-edi-rama-kunder-shba\/","title":{"rendered":"VIDEO\/ Rrjeti 5G, Vasili: Edi Rama kund\u00ebr SHBA"},"content":{"rendered":"<p>N\u00ebnkryetari i LSI Petrit Vasili ka dal\u00eb n\u00eb nj\u00eb konferenc\u00eb p\u00ebr shtyp ku ka paraqitur shqetesimin e partis\u00eb s\u00eb tij n\u00eb lidhje me sistemin 5G ku sipas drejtuesit t\u00eb lart\u00eb t\u00eb LSI Edi Rama ka dal\u00eb kund\u00ebr SHBA.<\/p>\n<p>\u201cKryeministri Edi Rama, si promovuesi personal i t\u00eb t\u00ebr\u00eb k\u00ebsaj nisme, \u00ebsht\u00eb i detyruar q\u00eb t\u00eb dal\u00eb dhe sqaroj\u00eb publikisht k\u00ebt\u00eb situat\u00eb, t\u00eb shpjegoj\u00eb qart\u00ebsisht p\u00ebrse ai ju kund\u00ebrvu vullnetit amerikan dhe i ekspozoi qytetar\u00ebt ndaj rreziqeve t\u00eb shumllojshme, nga vjedhja e shp\u00ebrndorimi i t\u00eb dh\u00ebnave t\u00eb tyre personale, dhe synimi p\u00ebr ta kthyer Shqip\u00ebrin\u00eb n\u00eb koh\u00ebn e partis\u00eb s\u00eb pun\u00ebs ku gjithshka e qytetar\u00ebve survejohej nga rregjimi?\u201d su hpreh vasdili ne dejlate e tij<\/p>\n<p>Ja Deklarata e plot\u00eb e n\u00ebnkryetarit t\u00eb LSI, Petrit Vasili<\/p>\n<p>Qytetar\u00ebt shqiptar\u00eb jan\u00eb njohur dje me nj\u00eb shqet\u00ebsim shum\u00eb t\u00eb r\u00ebnd\u00ebsish\u00ebm t\u00eb b\u00ebr\u00eb publik nga Ambasada e Shteteve t\u00eb Bashkuara t\u00eb Amerik\u00ebs n\u00eb Tiran\u00eb.<\/p>\n<p>Ambasada Amerikane t\u00ebrheq v\u00ebmendjen dhe ngre shqet\u00ebsimin q\u00eb rrjeti 5G, i cili po eksperimentohet n\u00eb Shqip\u00ebri, i promovuar e reklamuar personalisht nga Kryeministri Edi Rama, bart rrezikun madhor t\u00eb keqp\u00ebrdorimit t\u00eb t\u00eb dh\u00ebnave t\u00eb qytetar\u00ebve.<\/p>\n<p>Keqp\u00ebrdorim, do t\u00eb thot\u00eb q\u00eb n\u00eb m\u00ebnyr\u00eb t\u00eb fsheht\u00eb e t\u00eb paligjshme, komunikimi i qytetar\u00ebve, natyrsh\u00ebm dhe i institucioneve, p\u00ebrfshir\u00eb edhe ato t\u00eb siguris\u00eb komb\u00ebtare t\u00eb vendit, t\u00eb ndodhen n\u00eb duar t\u00eb dyshimta, e p\u00ebr pasoj\u00eb, t\u00eb keqp\u00ebrdoren.<\/p>\n<p>Si\u00e7 mund ta kuptojn\u00eb t\u00eb gjith\u00eb qytetar\u00ebt, ky shqet\u00ebsim \u00ebsht\u00eb shum\u00eb i r\u00ebnd\u00eb, pasi vjen nga Ambasada e Shteteve t\u00eb Bashkuara dhe \u00ebsht\u00eb nj\u00eb ndihm\u00eb e madhe q\u00eb kjo Ambasad\u00eb u ofron qytetar\u00ebve shqiptar\u00eb, p\u00ebr t\u00eb qen\u00eb vigjilent lidhur me komunikimet e tyre dhe transmetimin e t\u00eb dh\u00ebnave t\u00eb tyre.<\/p>\n<p>\u00cbsht\u00eb e natyrshme q\u00eb ka disa pyetje shum\u00eb t\u00eb m\u00ebdha q\u00eb k\u00ebrkojn\u00eb p\u00ebrgjigje:<\/p>\n<p>A e ka lexuar dhe \u00e7far\u00eb shpjegimesh ka Kryeministri Edi Rama p\u00ebr shqet\u00ebsimin e Ambasad\u00ebs s\u00eb Shteteve t\u00eb Bashkuara t\u00eb Amerikes?<\/p>\n<p>2. A mundet t\u00eb tolerohet heshtja e qeveris\u00eb p\u00ebrball\u00eb shqet\u00ebsimin t\u00eb partnerit m\u00eb t\u00eb r\u00ebnd\u00ebsish\u00ebm, m\u00eb t\u00eb besuesh\u00ebm, dhe aleatit kryesor jo vet\u00ebm p\u00ebr zhvillimin e Shqip\u00ebris\u00eb, por edhe p\u00ebr mbrojtjen e saj nga rreziqet terroriste dhe kibernetike?<\/p>\n<p>3. Si mundet q\u00eb qeveria shqiptare, dhe me \u00e7kurajo ajo p\u00ebrbuz dhe anashkalon shqet\u00ebsimet q\u00eb vijn\u00eb nga Shtetet e Bashkuara t\u00eb Amerik\u00ebs, q\u00eb p\u00ebrfaq\u00ebsojn\u00eb dhe garantin m\u00eb t\u00eb madh n\u00eb glob p\u00ebr sigurin\u00eb e demokracive kudo n\u00eb bot\u00eb, t\u00eb lirive dhe t\u00eb drejave t\u00eb njeriut e ve\u00e7an\u00ebrisht e gjith\u00eb kjo e lidhur me Shqip\u00ebrin\u00eb.<\/p>\n<p>4. Kujt i intereson q\u00eb Shtetet e Bashkuara t\u00eb mos d\u00ebgjohen dhe t\u00eb anashkalohen shqet\u00ebsimet e tyre, lidhur me nj\u00eb fush\u00eb t\u00eb nj\u00eb r\u00ebnd\u00ebsie t\u00eb jasht\u00ebzakonshme, si\u00e7 \u00ebsht\u00eb Sektori i Telekomunikacionit dhe lidhjet e tij me sigurin\u00eb komb\u00ebtare, por edhe sigurin\u00eb e individit.<\/p>\n<p>5. Si mundet q\u00eb Shqip\u00ebria, nj\u00eb vend an\u00ebtar i NATO-s, t\u00eb neglizhoj\u00eb dhe t\u00eb refuzoj\u00eb sygjerimet apo shqet\u00ebsimet e Shteteve t\u00eb Bashkuara t\u00eb Amerik\u00ebs q\u00eb jan\u00eb vendi lider i NATO-s.<\/p>\n<p>6. Deri kur do t\u00eb vazhdoj\u00eb kjo politik\u00eb Anti-Per\u00ebndimore dhe Anti-EuroAtlantike e qeveris\u00eb shqiptare, e cila ka kurajo ti kund\u00ebrvihet dhe Shteteve t\u00eb Bashkuara t\u00eb Amerik\u00ebs.<\/p>\n<p>7. Si mundet qeveria shqiptare t\u00eb mos d\u00ebgjoj\u00eb shqet\u00ebsimet e SHBA, por nd\u00ebrkoh\u00eb q\u00eb ajo \u00ebsht\u00eb akuzuar me prova t\u00eb pafundme nga Departamenti Amerikan i Shtetit p\u00ebr krimin e organizuar, trafikun e drog\u00ebs, dhe pastrimin e parave t\u00eb pista. Operacione k\u00ebto q\u00eb kan\u00eb n\u00eb zem\u00ebr t\u00eb funksionimit t\u00eb tyre, telekomunikacionin.<\/p>\n<p>8. Kryeministri Edi Rama, si promovuesi personal i t\u00eb t\u00ebr\u00eb k\u00ebsaj nisme, \u00ebsht\u00eb i detyruar q\u00eb t\u00eb dal\u00eb dhe sqaroj\u00eb publikisht k\u00ebt\u00eb situat\u00eb, t\u00eb shpjegoj\u00eb qart\u00ebsisht p\u00ebrse ai ju kund\u00ebrvu vullnetit amerikan dhe i ekspozoi qytetar\u00ebt ndaj rreziqeve t\u00eb shumllojshme, nga vjedhja e shp\u00ebrndorimi i t\u00eb dh\u00ebnave t\u00eb tyre personale, dhe synimi p\u00ebr ta kthyer Shqip\u00ebrin\u00eb n\u00eb koh\u00ebn e partis\u00eb s\u00eb pun\u00ebs ku gjithshka e qytetar\u00ebve survejohej nga rregjimi?<\/p>\n<p>Shqiptar\u00ebt, kan\u00eb besim t\u00eb pal\u00ebkundur tek Shtetet e Bashkuara t\u00eb Amerik\u00ebs, t\u00eb garancit\u00eb q\u00eb ato i kan\u00eb ofruar Shqip\u00ebris\u00eb dhe Bot\u00ebs. Ata do t\u00eb d\u00ebgjojn\u00eb dhe do t\u00eb respektojn\u00eb gjithshka q\u00eb amerikan\u00ebt thon\u00eb dhe kurr\u00eb nuk do t\u00eb besojn\u00eb nj\u00eb Kryeminist\u00ebr q\u00eb i ka shitur interesat e tyre, i ka varf\u00ebruar ata dhe n\u00eb t\u00eb kund\u00ebrt t\u00eb tyre e shikon bot\u00ebn nga Lindja dhe jo nga Per\u00ebndimi.<\/p>","protected":false},"excerpt":{"rendered":"<p>N\u00ebnkryetari i LSI Petrit Vasili ka dal\u00eb n\u00eb nj\u00eb konferenc\u00eb p\u00ebr shtyp ku ka paraqitur shqetesimin e partis\u00eb s\u00eb tij n\u00eb lidhje me sistemin 5G ku sipas drejtuesit t\u00eb lart\u00eb t\u00eb LSI Edi Rama ka dal\u00eb kund\u00ebr SHBA. \u201cKryeministri Edi Rama, si promovuesi personal i t\u00eb t\u00ebr\u00eb k\u00ebsaj nisme, \u00ebsht\u00eb i detyruar q\u00eb t\u00eb dal\u00eb [&hellip;]<\/p>\n","protected":false},"author":2013,"featured_media":57785,"comment_status":"open","ping_status":"closed","sticky":false,"template":"","format":"standard","meta":{"footnotes":""},"categories":[241,235],"tags":[],"class_list":{"0":"post-112161","1":"post","2":"type-post","3":"status-publish","4":"format-standard","5":"has-post-thumbnail","7":"category-aktualitet","8":"category-vendi"},"_links":{"self":[{"href":"https:\/\/zjarr.tv\/en\/wp-json\/wp\/v2\/posts\/112161","targetHints":{"allow":["GET"]}}],"collection":[{"href":"https:\/\/zjarr.tv\/en\/wp-json\/wp\/v2\/posts"}],"about":[{"href":"https:\/\/zjarr.tv\/en\/wp-json\/wp\/v2\/types\/post"}],"author":[{"embeddable":true,"href":"https:\/\/zjarr.tv\/en\/wp-json\/wp\/v2\/users\/2013"}],"replies":[{"embeddable":true,"href":"https:\/\/zjarr.tv\/en\/wp-json\/wp\/v2\/comments?post=112161"}],"version-history":[{"count":0,"href":"https:\/\/zjarr.tv\/en\/wp-json\/wp\/v2\/posts\/112161\/revisions"}],"wp:featuredmedia":[{"embeddable":true,"href":"https:\/\/zjarr.tv\/en\/wp-json\/wp\/v2\/media\/57785"}],"wp:attachment":[{"href":"https:\/\/zjarr.tv\/en\/wp-json\/wp\/v2\/media?parent=112161"}],"wp:term":[{"taxonomy":"category","embeddable":true,"href":"https:\/\/zjarr.tv\/en\/wp-json\/wp\/v2\/categories?post=112161"},{"taxonomy":"post_tag","embeddable":true,"href":"https:\/\/zjarr.tv\/en\/wp-json\/wp\/v2\/tags?post=112161"}],"curies":[{"name":"wp","href":"https:\/\/api.w.org\/{rel}","templated":true}]}}