{"id":112163,"date":"2019-11-04T14:11:45","date_gmt":"2019-11-04T13:11:45","guid":{"rendered":"https:\/\/zjarr.tv\/?p=112163"},"modified":"2019-11-04T14:11:45","modified_gmt":"2019-11-04T13:11:45","slug":"basha-sot-fillojme-rrugetimin-per-shqiperine-te-bashkohemi-ne-elbasan","status":"publish","type":"post","link":"https:\/\/zjarr.tv\/en\/basha-sot-fillojme-rrugetimin-per-shqiperine-te-bashkohemi-ne-elbasan\/","title":{"rendered":"Basha: Sot fillojm\u00eb &#8216;Rrug\u00ebtimin p\u00ebr Shqip\u00ebrin\u00eb&#8217;, t\u00eb bashkohemi n\u00eb Elbasan"},"content":{"rendered":"<p>Kryetari i Partis\u00eb Demokratike, Lulzim Basha, i ka b\u00ebr\u00eb thirrje t\u00eb rinjve n\u00eb t\u00eb gjith\u00eb vendin t\u2019i bashkohen turit t\u00eb bashk\u00ebbisedimit me qytetar\u00ebt n\u00eb t\u00eb gjith\u00eb vendin, t\u00eb\u00a0quajtur \u201cRrug\u00ebtimi p\u00ebr Shqip\u00ebrin\u00eb\u201d. \u201cSot fillojm\u00eb &#8220;Rrug\u00ebtimin p\u00ebr Shqip\u00ebrin\u00eb, &#8211; shkruan Basha n\u00eb Fb. &#8211; \u00a0Ftoj \u00e7do t\u00eb ri dhe t\u00eb re t\u00eb m\u00eb bashkohet sot n\u00eb Elbasan n\u00eb or\u00ebn 17:00\u201d.<\/p>\n<p>Objektivi kryesor i k\u00ebtyre takimeve\u00a0t\u00eb kreut t\u00eb opozit\u00ebs \u00ebsht\u00eb projektimi i zgjidhjeve afatgjata p\u00ebr \u00e7do \u00e7\u00ebshtje dhe problematik\u00eb q\u00eb vet\u00eb qytetar\u00ebt do t\u00eb ngren\u00eb p\u00ebrmes pyetjeve t\u00eb drejtp\u00ebrdrejta drejtuar Bash\u00ebs.<\/p>\n<div id=\"rekl-4\"><\/div>\n<div class=\"fotogaleri\">\n<div class=\"bx-wrapper\">\n<div class=\"bx-viewport\">\n<ul class=\"read-slider\">\n<li><a href=\"https:\/\/www.syri.net\/uploads\/syri.net\/images\/2019\/November\/04\/56f83941-d6e5-4438-be0e-bca9cf171fb61572865994.jpg\" data-lightbox=\"images\"><img decoding=\"async\" src=\"https:\/\/www.syri.net\/uploads\/syri.net\/images\/2019\/November\/04\/auto_56f83941-d6e5-4438-be0e-bca9cf171fb61572865994.jpg\" \/><\/a><\/li>\n<\/ul>\n<\/div>\n<\/div>\n<\/div>","protected":false},"excerpt":{"rendered":"<p>Kryetari i Partis\u00eb Demokratike, Lulzim Basha, i ka b\u00ebr\u00eb thirrje t\u00eb rinjve n\u00eb t\u00eb gjith\u00eb vendin t\u2019i bashkohen turit t\u00eb bashk\u00ebbisedimit me qytetar\u00ebt n\u00eb t\u00eb gjith\u00eb vendin, t\u00eb\u00a0quajtur \u201cRrug\u00ebtimi p\u00ebr Shqip\u00ebrin\u00eb\u201d. \u201cSot fillojm\u00eb &#8220;Rrug\u00ebtimin p\u00ebr Shqip\u00ebrin\u00eb, &#8211; shkruan Basha n\u00eb Fb. &#8211; \u00a0Ftoj \u00e7do t\u00eb ri dhe t\u00eb re t\u00eb m\u00eb bashkohet sot n\u00eb Elbasan [&hellip;]<\/p>\n","protected":false},"author":2013,"featured_media":112165,"comment_status":"open","ping_status":"closed","sticky":false,"template":"","format":"standard","meta":{"footnotes":""},"categories":[241,235],"tags":[],"class_list":{"0":"post-112163","1":"post","2":"type-post","3":"status-publish","4":"format-standard","5":"has-post-thumbnail","7":"category-aktualitet","8":"category-vendi"},"_links":{"self":[{"href":"https:\/\/zjarr.tv\/en\/wp-json\/wp\/v2\/posts\/112163","targetHints":{"allow":["GET"]}}],"collection":[{"href":"https:\/\/zjarr.tv\/en\/wp-json\/wp\/v2\/posts"}],"about":[{"href":"https:\/\/zjarr.tv\/en\/wp-json\/wp\/v2\/types\/post"}],"author":[{"embeddable":true,"href":"https:\/\/zjarr.tv\/en\/wp-json\/wp\/v2\/users\/2013"}],"replies":[{"embeddable":true,"href":"https:\/\/zjarr.tv\/en\/wp-json\/wp\/v2\/comments?post=112163"}],"version-history":[{"count":0,"href":"https:\/\/zjarr.tv\/en\/wp-json\/wp\/v2\/posts\/112163\/revisions"}],"wp:featuredmedia":[{"embeddable":true,"href":"https:\/\/zjarr.tv\/en\/wp-json\/wp\/v2\/media\/112165"}],"wp:attachment":[{"href":"https:\/\/zjarr.tv\/en\/wp-json\/wp\/v2\/media?parent=112163"}],"wp:term":[{"taxonomy":"category","embeddable":true,"href":"https:\/\/zjarr.tv\/en\/wp-json\/wp\/v2\/categories?post=112163"},{"taxonomy":"post_tag","embeddable":true,"href":"https:\/\/zjarr.tv\/en\/wp-json\/wp\/v2\/tags?post=112163"}],"curies":[{"name":"wp","href":"https:\/\/api.w.org\/{rel}","templated":true}]}}