{"id":112176,"date":"2019-11-04T14:15:23","date_gmt":"2019-11-04T13:15:23","guid":{"rendered":"https:\/\/zjarr.tv\/?p=112176"},"modified":"2019-11-04T14:15:23","modified_gmt":"2019-11-04T13:15:23","slug":"atentati-ndaj-prokurorit-ndoja-ndalohet-nje-person-dyshimet-e-para","status":"publish","type":"post","link":"https:\/\/zjarr.tv\/en\/atentati-ndaj-prokurorit-ndoja-ndalohet-nje-person-dyshimet-e-para\/","title":{"rendered":"Atentati ndaj prokurorit Ndoja\/ Ndalohet nj\u00eb person, dyshimet e para"},"content":{"rendered":"<p>Pasi kan\u00eb kaluar tre dit\u00eb nga atentati ndaj prokurorit Arjan Ndoja, m\u00ebsohet se policia ka shoq\u00ebruar nj\u00eb person q\u00eb mund t\u00eb ndihmoj\u00eb n\u00eb zbardhjen e ngjarjes.<\/p>\n<p>Raportimet e para thon\u00eb se \u00ebsht\u00eb shoq\u00ebruar nj\u00eb i ri nga Fush\u00eb Kruja<\/p>\n<p>Ai dyshohet se ka informuar atentator\u00ebt p\u00ebr l\u00ebvizjet q\u00eb ka b\u00ebr\u00eb Ndoja.<\/p>\n<p>Deri m\u00eb tani policia ka shoq\u00ebruar 40 persona p\u00ebr ngjarjen e r\u00ebnd\u00eb.<\/p>\n<p>Gazeta Mapo raporton se ky person ende nuk \u00ebsht\u00eb n\u00eb mas\u00eb arresti me vendim gjykate, por po mbahet n\u00eb Policin\u00eb e Durr\u00ebsit, ku \u00ebsht\u00eb marr\u00eb edhe n\u00eb pyetje. I riu nga Fush\u00eb-Kruja \u00ebsht\u00eb ndaluar mbr\u00ebmjen e djeshme nga forcat \u201cShqiponja\u201d.<\/p>\n<p>P\u00ebrve\u00e7se ka informuar p\u00ebr l\u00ebvizjet e prokurorit, ky person ka dyshime se ka patur rol edhe n\u00eb atentatin q\u00eb u b\u00eb mesdit\u00ebn e s\u00eb premtes, ku mbeti i plagosur Arjan Ndoja, Aleksand\u00ebr Laho dhe Andi Maloku.<\/p>","protected":false},"excerpt":{"rendered":"<p>Pasi kan\u00eb kaluar tre dit\u00eb nga atentati ndaj prokurorit Arjan Ndoja, m\u00ebsohet se policia ka shoq\u00ebruar nj\u00eb person q\u00eb mund t\u00eb ndihmoj\u00eb n\u00eb zbardhjen e ngjarjes. Raportimet e para thon\u00eb se \u00ebsht\u00eb shoq\u00ebruar nj\u00eb i ri nga Fush\u00eb Kruja Ai dyshohet se ka informuar atentator\u00ebt p\u00ebr l\u00ebvizjet q\u00eb ka b\u00ebr\u00eb Ndoja. Deri m\u00eb tani policia [&hellip;]<\/p>\n","protected":false},"author":2013,"featured_media":38161,"comment_status":"open","ping_status":"closed","sticky":false,"template":"","format":"standard","meta":{"footnotes":""},"categories":[241,235],"tags":[],"class_list":{"0":"post-112176","1":"post","2":"type-post","3":"status-publish","4":"format-standard","5":"has-post-thumbnail","7":"category-aktualitet","8":"category-vendi"},"_links":{"self":[{"href":"https:\/\/zjarr.tv\/en\/wp-json\/wp\/v2\/posts\/112176","targetHints":{"allow":["GET"]}}],"collection":[{"href":"https:\/\/zjarr.tv\/en\/wp-json\/wp\/v2\/posts"}],"about":[{"href":"https:\/\/zjarr.tv\/en\/wp-json\/wp\/v2\/types\/post"}],"author":[{"embeddable":true,"href":"https:\/\/zjarr.tv\/en\/wp-json\/wp\/v2\/users\/2013"}],"replies":[{"embeddable":true,"href":"https:\/\/zjarr.tv\/en\/wp-json\/wp\/v2\/comments?post=112176"}],"version-history":[{"count":0,"href":"https:\/\/zjarr.tv\/en\/wp-json\/wp\/v2\/posts\/112176\/revisions"}],"wp:featuredmedia":[{"embeddable":true,"href":"https:\/\/zjarr.tv\/en\/wp-json\/wp\/v2\/media\/38161"}],"wp:attachment":[{"href":"https:\/\/zjarr.tv\/en\/wp-json\/wp\/v2\/media?parent=112176"}],"wp:term":[{"taxonomy":"category","embeddable":true,"href":"https:\/\/zjarr.tv\/en\/wp-json\/wp\/v2\/categories?post=112176"},{"taxonomy":"post_tag","embeddable":true,"href":"https:\/\/zjarr.tv\/en\/wp-json\/wp\/v2\/tags?post=112176"}],"curies":[{"name":"wp","href":"https:\/\/api.w.org\/{rel}","templated":true}]}}