{"id":112178,"date":"2019-11-04T14:15:57","date_gmt":"2019-11-04T13:15:57","guid":{"rendered":"https:\/\/zjarr.tv\/?p=112178"},"modified":"2019-11-04T14:15:57","modified_gmt":"2019-11-04T13:15:57","slug":"spanje-trafikonin-emigrante-drejt-britanise-8-shqiptare-ne-pranga","status":"publish","type":"post","link":"https:\/\/zjarr.tv\/en\/spanje-trafikonin-emigrante-drejt-britanise-8-shqiptare-ne-pranga\/","title":{"rendered":"Spanj\u00eb\/ Trafikonin emigrant\u00eb drejt Britanis\u00eb, 8 shqiptar\u00eb n\u00eb pranga"},"content":{"rendered":"<p>N\u00ebnt\u00eb persona jan\u00eb arrestuar nga policia spanjolle pasi akuzohen kishin nj\u00eb grup kriminal p\u00ebr favorizimin e parregull n\u00eb Mbret\u00ebrin\u00eb e Bashkuar. Mediat vendase raportojn\u00eb se n\u00eb mes t\u00eb t\u00eb arrestuarve, tet\u00eb me komb\u00ebsi shqiptare dhe nj\u00eb brazialian. \u00a0Hetimet zbuluan, pasi jan\u00eb b\u00ebr\u00eb nd\u00ebrhyrje n\u00eb pajisje telefonike dhe kompjuterike, dhe n\u00eb fund jan\u00eb sekuestruar pasaporta me identitete dhe komb\u00ebsi t\u00eb ndryshme.<\/p>\n<p>M\u00ebsohet se operacionet kan\u00eb filluar n\u00eb vitin 2018, kur agjent\u00ebt zbuluan nj\u00eb rritje t\u00eb konsideruesh\u00ebm t\u00eb qytetar\u00ebve me origjin\u00eb shqiptare, t\u00eb cil\u00ebt synuan t\u00eb kalonin n\u00eb m\u00ebnyr\u00eb klandestine n\u00eb Mbret\u00ebrin\u00eb e Bashkuar, duke p\u00ebrdorur p\u00ebr k\u00ebt\u00eb q\u00ebllim nj\u00eb platform\u00eb t\u00eb trageteve dhe anijeve q\u00eb niseshin kryesisht nga Porti i Santurtzi dhe t\u00eb tjer\u00ebt nga bregu Cant\u00e1brico.<\/p>","protected":false},"excerpt":{"rendered":"<p>N\u00ebnt\u00eb persona jan\u00eb arrestuar nga policia spanjolle pasi akuzohen kishin nj\u00eb grup kriminal p\u00ebr favorizimin e parregull n\u00eb Mbret\u00ebrin\u00eb e Bashkuar. Mediat vendase raportojn\u00eb se n\u00eb mes t\u00eb t\u00eb arrestuarve, tet\u00eb me komb\u00ebsi shqiptare dhe nj\u00eb brazialian. \u00a0Hetimet zbuluan, pasi jan\u00eb b\u00ebr\u00eb nd\u00ebrhyrje n\u00eb pajisje telefonike dhe kompjuterike, dhe n\u00eb fund jan\u00eb sekuestruar pasaporta me [&hellip;]<\/p>\n","protected":false},"author":2013,"featured_media":112180,"comment_status":"open","ping_status":"closed","sticky":false,"template":"","format":"standard","meta":{"footnotes":""},"categories":[241,235],"tags":[],"class_list":{"0":"post-112178","1":"post","2":"type-post","3":"status-publish","4":"format-standard","5":"has-post-thumbnail","7":"category-aktualitet","8":"category-vendi"},"_links":{"self":[{"href":"https:\/\/zjarr.tv\/en\/wp-json\/wp\/v2\/posts\/112178","targetHints":{"allow":["GET"]}}],"collection":[{"href":"https:\/\/zjarr.tv\/en\/wp-json\/wp\/v2\/posts"}],"about":[{"href":"https:\/\/zjarr.tv\/en\/wp-json\/wp\/v2\/types\/post"}],"author":[{"embeddable":true,"href":"https:\/\/zjarr.tv\/en\/wp-json\/wp\/v2\/users\/2013"}],"replies":[{"embeddable":true,"href":"https:\/\/zjarr.tv\/en\/wp-json\/wp\/v2\/comments?post=112178"}],"version-history":[{"count":0,"href":"https:\/\/zjarr.tv\/en\/wp-json\/wp\/v2\/posts\/112178\/revisions"}],"wp:featuredmedia":[{"embeddable":true,"href":"https:\/\/zjarr.tv\/en\/wp-json\/wp\/v2\/media\/112180"}],"wp:attachment":[{"href":"https:\/\/zjarr.tv\/en\/wp-json\/wp\/v2\/media?parent=112178"}],"wp:term":[{"taxonomy":"category","embeddable":true,"href":"https:\/\/zjarr.tv\/en\/wp-json\/wp\/v2\/categories?post=112178"},{"taxonomy":"post_tag","embeddable":true,"href":"https:\/\/zjarr.tv\/en\/wp-json\/wp\/v2\/tags?post=112178"}],"curies":[{"name":"wp","href":"https:\/\/api.w.org\/{rel}","templated":true}]}}