{"id":112230,"date":"2019-11-04T14:31:16","date_gmt":"2019-11-04T13:31:16","guid":{"rendered":"https:\/\/zjarr.tv\/?p=112230"},"modified":"2019-11-04T14:31:16","modified_gmt":"2019-11-04T13:31:16","slug":"ankimimi-seanca-per-gjyqtarin-e-kushtetueses-shtyhet-per-ne-7-nentor","status":"publish","type":"post","link":"https:\/\/zjarr.tv\/en\/ankimimi-seanca-per-gjyqtarin-e-kushtetueses-shtyhet-per-ne-7-nentor\/","title":{"rendered":"Ankimimi, seanca p\u00ebr gjyqtarin e Kushtetueses shtyhet p\u00ebr n\u00eb 7 n\u00ebntor"},"content":{"rendered":"<p>Shtyhet p\u00ebr n\u00eb dat\u00ebn 7 n\u00ebntor seanca p\u00ebr gjyqtarin e Gjykat\u00ebs Kushtetuese Besnik Mu\u00e7i. Kolegji i Posa\u00e7\u00ebm i Apelimit ka k\u00ebrkuar q\u00eb provat e gjyqtarit Mu\u00e7i t\u00eb paraqiten n\u00eb form\u00ebn e k\u00ebrkuar.<\/p>\n<p>Trupi gjykues ka marr\u00eb aktet nga dy prokurorit\u00eb n\u00eb lidhje me informacionet e k\u00ebrkuara nga KPA.<\/p>\n<p><em>&#8220;Jam njohur me aktet nga Prokuroria e Tiran\u00ebs, p\u00ebr dy shtetas \u00ebsht\u00eb regjistruar procedim penal. Un\u00eb nuk kam pasur asnj\u00eb lidhje me k\u00ebto shtetas, shtetasi A.L. m\u00eb ka kontaktuar dhe m\u00eb ka v\u00ebn\u00eb n\u00eb dispozicion vendimin e gjykat\u00ebs ku \u00ebsht\u00eb shpallur i pafajsh\u00ebm p\u00ebr moskall\u00ebzim krimi&#8221; tha ish-prokurori Besnik Mu\u00e7i.<\/em><\/p>\n<p>Komisioneri Publik ka ankimuar vendimin e KPK q\u00eb konfirmoi n\u00eb detyr\u00eb prokurorin n\u00eb Prokurorin\u00eb e Gjykat\u00ebs s\u00eb Shkall\u00ebs Par\u00eb p\u00ebr Krime t\u00eb R\u00ebnda, Tiran\u00eb Besnik Mu\u00e7i.<\/p>\n<p>Sipas Komisionerit Publik, subjekti i rivler\u00ebsimit dhe personat e lidhur me t\u00eb nuk e justifikojn\u00eb pasurin\u00eb.<\/p>","protected":false},"excerpt":{"rendered":"<p>Shtyhet p\u00ebr n\u00eb dat\u00ebn 7 n\u00ebntor seanca p\u00ebr gjyqtarin e Gjykat\u00ebs Kushtetuese Besnik Mu\u00e7i. Kolegji i Posa\u00e7\u00ebm i Apelimit ka k\u00ebrkuar q\u00eb provat e gjyqtarit Mu\u00e7i t\u00eb paraqiten n\u00eb form\u00ebn e k\u00ebrkuar. Trupi gjykues ka marr\u00eb aktet nga dy prokurorit\u00eb n\u00eb lidhje me informacionet e k\u00ebrkuara nga KPA. &#8220;Jam njohur me aktet nga Prokuroria e [&hellip;]<\/p>\n","protected":false},"author":2013,"featured_media":112232,"comment_status":"open","ping_status":"closed","sticky":false,"template":"","format":"standard","meta":{"footnotes":""},"categories":[241,235],"tags":[],"class_list":{"0":"post-112230","1":"post","2":"type-post","3":"status-publish","4":"format-standard","5":"has-post-thumbnail","7":"category-aktualitet","8":"category-vendi"},"_links":{"self":[{"href":"https:\/\/zjarr.tv\/en\/wp-json\/wp\/v2\/posts\/112230","targetHints":{"allow":["GET"]}}],"collection":[{"href":"https:\/\/zjarr.tv\/en\/wp-json\/wp\/v2\/posts"}],"about":[{"href":"https:\/\/zjarr.tv\/en\/wp-json\/wp\/v2\/types\/post"}],"author":[{"embeddable":true,"href":"https:\/\/zjarr.tv\/en\/wp-json\/wp\/v2\/users\/2013"}],"replies":[{"embeddable":true,"href":"https:\/\/zjarr.tv\/en\/wp-json\/wp\/v2\/comments?post=112230"}],"version-history":[{"count":0,"href":"https:\/\/zjarr.tv\/en\/wp-json\/wp\/v2\/posts\/112230\/revisions"}],"wp:featuredmedia":[{"embeddable":true,"href":"https:\/\/zjarr.tv\/en\/wp-json\/wp\/v2\/media\/112232"}],"wp:attachment":[{"href":"https:\/\/zjarr.tv\/en\/wp-json\/wp\/v2\/media?parent=112230"}],"wp:term":[{"taxonomy":"category","embeddable":true,"href":"https:\/\/zjarr.tv\/en\/wp-json\/wp\/v2\/categories?post=112230"},{"taxonomy":"post_tag","embeddable":true,"href":"https:\/\/zjarr.tv\/en\/wp-json\/wp\/v2\/tags?post=112230"}],"curies":[{"name":"wp","href":"https:\/\/api.w.org\/{rel}","templated":true}]}}