{"id":112235,"date":"2019-11-04T15:29:02","date_gmt":"2019-11-04T14:29:02","guid":{"rendered":"https:\/\/zjarr.tv\/?p=112235"},"modified":"2019-11-04T15:29:02","modified_gmt":"2019-11-04T14:29:02","slug":"ambasadori-i-ri-kosoves-nait-hasani-i-paraqet-letrat-kredenciale-presidentit-meta","status":"publish","type":"post","link":"https:\/\/zjarr.tv\/en\/ambasadori-i-ri-kosoves-nait-hasani-i-paraqet-letrat-kredenciale-presidentit-meta\/","title":{"rendered":"Ambasadori i ri Kosov\u00ebs\/ Nait Hasani i paraqet Letrat Kredenciale Presidentit Meta"},"content":{"rendered":"<p>Presidenti i Republik\u00ebs Ilir Meta priti sot n\u00eb nj\u00eb takim Ambasadorin e ri t\u00eb Republik\u00ebs s\u00eb Kosov\u00ebs n\u00eb Shqip\u00ebri, Nait Hasani, me rastin e paraqitjes s\u00eb Letrave Kredenciale.<\/p>\n<p>Pasi e uroi p\u00ebr marrjen e detyr\u00ebs, Presidenti Meta e siguroi Ambasadorin Hasani p\u00ebr mb\u00ebshtetjen e plot\u00eb n\u00eb kryerjen me sukses t\u00eb misionit t\u00eb tij n\u00eb Tiran\u00eb.<\/p>\n<p>Kreu i Shtetit vler\u00ebsoi procesin e zgjedhjeve t\u00eb parakohshme parlamentare t\u00eb 6 tetorit 2019, si tregues i maturis\u00eb politike, demokratike e institucionale t\u00eb Kosov\u00ebs.<\/p>\n<p>Presidenti u shpreh se marr\u00ebdh\u00ebniet dypal\u00ebshe mes Shqip\u00ebris\u00eb dhe Kosov\u00ebs jan\u00eb t\u00eb shk\u00eblqyera dhe vler\u00ebsoi se bashk\u00ebpunimi midis dy vendeve \u00ebsht\u00eb stabilizues p\u00ebr rajonin dhe motivues p\u00ebr perspektiv\u00ebn euroatlantike.<\/p>\n<p>\u201cLiberalizimin i vizave p\u00ebr qytetar\u00ebt e Kosov\u00ebs \u00ebsht\u00eb i domosdosh\u00ebm, dhe duhet t\u00eb realizohet sa m\u00eb par\u00eb\u201d, &#8211; theksoi Presidenti Meta.<\/p>","protected":false},"excerpt":{"rendered":"<p>Presidenti i Republik\u00ebs Ilir Meta priti sot n\u00eb nj\u00eb takim Ambasadorin e ri t\u00eb Republik\u00ebs s\u00eb Kosov\u00ebs n\u00eb Shqip\u00ebri, Nait Hasani, me rastin e paraqitjes s\u00eb Letrave Kredenciale. Pasi e uroi p\u00ebr marrjen e detyr\u00ebs, Presidenti Meta e siguroi Ambasadorin Hasani p\u00ebr mb\u00ebshtetjen e plot\u00eb n\u00eb kryerjen me sukses t\u00eb misionit t\u00eb tij n\u00eb Tiran\u00eb. [&hellip;]<\/p>\n","protected":false},"author":2013,"featured_media":112236,"comment_status":"open","ping_status":"closed","sticky":false,"template":"","format":"standard","meta":{"footnotes":""},"categories":[241,235],"tags":[],"class_list":{"0":"post-112235","1":"post","2":"type-post","3":"status-publish","4":"format-standard","5":"has-post-thumbnail","7":"category-aktualitet","8":"category-vendi"},"_links":{"self":[{"href":"https:\/\/zjarr.tv\/en\/wp-json\/wp\/v2\/posts\/112235","targetHints":{"allow":["GET"]}}],"collection":[{"href":"https:\/\/zjarr.tv\/en\/wp-json\/wp\/v2\/posts"}],"about":[{"href":"https:\/\/zjarr.tv\/en\/wp-json\/wp\/v2\/types\/post"}],"author":[{"embeddable":true,"href":"https:\/\/zjarr.tv\/en\/wp-json\/wp\/v2\/users\/2013"}],"replies":[{"embeddable":true,"href":"https:\/\/zjarr.tv\/en\/wp-json\/wp\/v2\/comments?post=112235"}],"version-history":[{"count":0,"href":"https:\/\/zjarr.tv\/en\/wp-json\/wp\/v2\/posts\/112235\/revisions"}],"wp:featuredmedia":[{"embeddable":true,"href":"https:\/\/zjarr.tv\/en\/wp-json\/wp\/v2\/media\/112236"}],"wp:attachment":[{"href":"https:\/\/zjarr.tv\/en\/wp-json\/wp\/v2\/media?parent=112235"}],"wp:term":[{"taxonomy":"category","embeddable":true,"href":"https:\/\/zjarr.tv\/en\/wp-json\/wp\/v2\/categories?post=112235"},{"taxonomy":"post_tag","embeddable":true,"href":"https:\/\/zjarr.tv\/en\/wp-json\/wp\/v2\/tags?post=112235"}],"curies":[{"name":"wp","href":"https:\/\/api.w.org\/{rel}","templated":true}]}}