{"id":112241,"date":"2019-11-04T16:02:24","date_gmt":"2019-11-04T15:02:24","guid":{"rendered":"https:\/\/zjarr.tv\/?p=112241"},"modified":"2019-11-04T16:02:24","modified_gmt":"2019-11-04T15:02:24","slug":"veliaj-per-100-vjetorin-e-tiranes-dyfishojme-furnizimin-me-uje-nga-bovilla","status":"publish","type":"post","link":"https:\/\/zjarr.tv\/en\/veliaj-per-100-vjetorin-e-tiranes-dyfishojme-furnizimin-me-uje-nga-bovilla\/","title":{"rendered":"Veliaj: P\u00ebr 100-vjetorin e Tiran\u00ebs, dyfishojm\u00eb furnizimin me uj\u00eb nga Bovilla"},"content":{"rendered":"<p>Pas rehabilitimit t\u00eb shtratit t\u00eb Lumit t\u00eb Tiran\u00ebs, brenda vitit 2020 do t\u00eb marr\u00eb zgjidhje edhe furnizimi me uj\u00eb t\u00eb pijsh\u00ebm shtes\u00eb nga impianti i Bovill\u00ebs.<\/p>\n<p>Nga Amsterdami, ku paraqiti sfidat kryesore t\u00eb Tiran\u00ebs n\u00eb konferenc\u00ebn e \u201cJav\u00ebs Bot\u00ebrore t\u00eb Ujit\u201d, kryetari i Bashkis\u00eb s\u00eb Tiran\u00ebs, Erion Veliaj, tha se brenda nj\u00eb kohe t\u00eb shkurt\u00ebr do t\u00eb dyfishohet sasia e ujit p\u00ebr qytetar\u00ebt.<\/p>\n<p><em>\u201cKemi zgjidhur \u00e7\u00ebshtjen e ujit t\u00eb pijsh\u00ebm p\u00ebr Astirin, kur n\u00eb 28 gusht hap\u00ebm linj\u00ebn e dedikuar q\u00eb vjen nga Bovilla. Pra, nga 28 gushti, ajo q\u00eb ka qen\u00eb nj\u00eb pik\u00eb jo vet\u00ebm problematike, pa kanalizime, as lidhje me rrjetin e rregullt t\u00eb ujit, por furnizohej nga puset e vjetra t\u00eb Laknasit, sot merr uj\u00eb nga Bovilla. N\u00eb fund t\u00eb k\u00ebtij viti dhe n\u00eb fillim t\u00eb vitit 2020, duam q\u00eb p\u00ebr 100-vjetorin e Tiran\u00ebs kryeqytet t\u00eb kemi zgjidhur p\u00ebrfundimisht shtes\u00ebn e impiantit t\u00eb Bovill\u00ebs me dyfishimin e filtrit q\u00eb sjell uj\u00eb n\u00eb qytet. Duke b\u00ebr\u00eb k\u00ebt\u00eb, dyfishojm\u00eb edhe sasin\u00eb e ujit q\u00eb shkon n\u00eb t\u00eb gjith\u00eb rrjetin e shp\u00ebrndarjes s\u00eb qytetit ton\u00eb\u201d,<\/em>\u00a0tha Veliaj, i cili shtoi se n\u00eb bashk\u00ebpunim me Ministrin\u00eb e Infrastruktur\u00ebs dhe Energjis\u00eb do t\u00eb p\u00ebrfundoj\u00eb edhe dyfishimi i linj\u00ebs nga Liqeni i Bovill\u00ebs tek impianti i filtrimit.<\/p>\n<p>Kryebashkiaku theksoi se pas dyfishimit t\u00eb sasis\u00eb s\u00eb ujit, Bashkia e Tiran\u00ebs do t\u00eb fokusohet n\u00eb p\u00ebrmir\u00ebsimin e rrjetit n\u00eb \u00e7do lagje.<\/p>\n<p><em>\u201cMe dyfishimin e prurjeve dhe filtrit t\u00eb ujit zgjidhim p\u00ebrfundimisht \u00e7\u00ebshtjen e sjelljes s\u00eb ujit n\u00eb Tiran\u00eb. Mandej do t\u00eb fokusohemi vet\u00ebm n\u00eb rrjetin e lagjeve, ku disa prej k\u00ebtyre lagje pilot, tashm\u00eb kan\u00eb uj\u00eb 24 or\u00eb, disave iu \u00ebsht\u00eb dyfishuar sasia. Na duhet q\u00eb n\u00eb m\u00ebnyr\u00eb kapilare t\u00eb futemi n\u00eb \u00e7do lagje dhe t\u00eb sigurohemi q\u00eb kjo prurje e madhe e dyfishuar e ujit n\u00eb Tiran\u00eb t\u00eb p\u00ebrballohet nga rrjeti, q\u00eb n\u00eb disa lagje ka nevoj\u00eb p\u00ebr nd\u00ebrhyrje prej amortizimit\u201d,<\/em>\u00a0tha ai.<\/p>\n<p>Kryebashkiaku deklaroi se n\u00eb k\u00ebto 5 vite Tirana ka arritur t\u00eb stabilizoj\u00eb edhe problemin e kanalizimeve.<\/p>\n<p><em>\u00a0\u201cN\u00eb reshje si t\u00eb sotmet, lumi i Tiran\u00ebs p\u00ebrfshinte t\u00eb gjitha nj\u00ebsite 4, 8, 9 dhe 11. Sot Lumi i Tiran\u00ebs \u00ebsht\u00eb nj\u00eb p\u00ebrrall\u00eb nga e kaluara, por kjo nuk do t\u00eb thot\u00eb se sfidat kan\u00eb mbaruar. Ende duhet t\u00eb p\u00ebrfundojm\u00eb, bashk\u00eb me qeverin\u00eb shqiptare, impiantin e pastrimit t\u00eb uj\u00ebrave t\u00eb zeza n\u00eb Kashar. Shum\u00eb prej atyre q\u00eb sot ankohen p\u00ebr kanalizimet, n\u00eb fakt ishin qeverit\u00eb ku i menaxhonin projekte t\u00eb tilla, dhe e zhg\u00ebnjyen jo vet\u00ebm popullin e tyre, por edhe komunitetin e donator\u00ebve, posa\u00e7\u00ebrisht ata japonez\u00eb, q\u00eb kan\u00eb financuar me JICA at\u00eb proces. Megjithat\u00eb, bashk\u00eb me qeverin\u00eb, kemi vendosur q\u00eb ta riaktivizojm\u00eb k\u00ebt\u00eb proces, q\u00eb zgjidh p\u00ebrfundimisht \u00e7\u00ebshtjen e kanalizimeve p\u00ebr gjysm\u00ebn e Tiran\u00ebs\u201d,<\/em>\u00a0p\u00ebrfundoi Veliaj.<\/p>","protected":false},"excerpt":{"rendered":"<p>Pas rehabilitimit t\u00eb shtratit t\u00eb Lumit t\u00eb Tiran\u00ebs, brenda vitit 2020 do t\u00eb marr\u00eb zgjidhje edhe furnizimi me uj\u00eb t\u00eb pijsh\u00ebm shtes\u00eb nga impianti i Bovill\u00ebs. Nga Amsterdami, ku paraqiti sfidat kryesore t\u00eb Tiran\u00ebs n\u00eb konferenc\u00ebn e \u201cJav\u00ebs Bot\u00ebrore t\u00eb Ujit\u201d, kryetari i Bashkis\u00eb s\u00eb Tiran\u00ebs, Erion Veliaj, tha se brenda nj\u00eb kohe t\u00eb shkurt\u00ebr [&hellip;]<\/p>\n","protected":false},"author":2013,"featured_media":88948,"comment_status":"open","ping_status":"closed","sticky":false,"template":"","format":"standard","meta":{"footnotes":""},"categories":[241,235],"tags":[],"class_list":{"0":"post-112241","1":"post","2":"type-post","3":"status-publish","4":"format-standard","5":"has-post-thumbnail","7":"category-aktualitet","8":"category-vendi"},"_links":{"self":[{"href":"https:\/\/zjarr.tv\/en\/wp-json\/wp\/v2\/posts\/112241","targetHints":{"allow":["GET"]}}],"collection":[{"href":"https:\/\/zjarr.tv\/en\/wp-json\/wp\/v2\/posts"}],"about":[{"href":"https:\/\/zjarr.tv\/en\/wp-json\/wp\/v2\/types\/post"}],"author":[{"embeddable":true,"href":"https:\/\/zjarr.tv\/en\/wp-json\/wp\/v2\/users\/2013"}],"replies":[{"embeddable":true,"href":"https:\/\/zjarr.tv\/en\/wp-json\/wp\/v2\/comments?post=112241"}],"version-history":[{"count":0,"href":"https:\/\/zjarr.tv\/en\/wp-json\/wp\/v2\/posts\/112241\/revisions"}],"wp:featuredmedia":[{"embeddable":true,"href":"https:\/\/zjarr.tv\/en\/wp-json\/wp\/v2\/media\/88948"}],"wp:attachment":[{"href":"https:\/\/zjarr.tv\/en\/wp-json\/wp\/v2\/media?parent=112241"}],"wp:term":[{"taxonomy":"category","embeddable":true,"href":"https:\/\/zjarr.tv\/en\/wp-json\/wp\/v2\/categories?post=112241"},{"taxonomy":"post_tag","embeddable":true,"href":"https:\/\/zjarr.tv\/en\/wp-json\/wp\/v2\/tags?post=112241"}],"curies":[{"name":"wp","href":"https:\/\/api.w.org\/{rel}","templated":true}]}}