{"id":112243,"date":"2019-11-04T16:01:46","date_gmt":"2019-11-04T15:01:46","guid":{"rendered":"https:\/\/zjarr.tv\/?p=112243"},"modified":"2019-11-04T16:01:46","modified_gmt":"2019-11-04T15:01:46","slug":"vucic-bisede-telefonike-me-ramen-dhe-zaevin","status":"publish","type":"post","link":"https:\/\/zjarr.tv\/en\/vucic-bisede-telefonike-me-ramen-dhe-zaevin\/","title":{"rendered":"Vu\u00e7i\u00e7 bised\u00eb telefonike me Ram\u00ebn dhe Zaevin"},"content":{"rendered":"<p>Presidenti serb, Aleksandar Vu\u00e7i\u00e7 bisedoi p\u00ebrmes telefonit me kryeministrin e Shqip\u00ebris\u00eb, Edi Rama dhe at\u00eb t\u00eb Maqedonis\u00eb s\u00eb Veriut, Zoran Zaev, lidhur me p\u00ebrgatitjet p\u00ebr takimin e dyt\u00eb trepal\u00ebsh n\u00eb Oh\u00ebr, n\u00eb t\u00eb cilin ata duhet t\u00eb vazhdojn\u00eb bisedimet p\u00ebr krijimin e nj\u00eb &#8220;mini Shengeni&#8221; midis tre vendeve.<\/p>\n<p><em>&#8220;Nj\u00eb bised\u00eb e shk\u00eblqyer me Edi Ram\u00ebn dhe Zoran Zaevin p\u00ebrpara samitit t\u00eb r\u00ebnd\u00ebsish\u00ebm n\u00eb Oh\u00ebr m\u00eb 9 n\u00ebntor&#8221;<\/em>, shkruan Vu\u00e7i\u00e7 n\u00eb profilin e tij n\u00eb rrjetin social Instagram.<\/p>\n<p>Vu\u00e7i\u00e7, m\u00eb par\u00eb, tha n\u00eb nj\u00eb konferenc\u00eb p\u00ebr media, se bisedimet me Maqedonin\u00eb e Veriut dhe Shqip\u00ebrin\u00eb do t\u00eb vazhdojn\u00eb, dhe m\u00eb pas edhe me vendet e tjera, p\u00ebr heqjen e pengesave t\u00eb l\u00ebvizjes s\u00eb lir\u00eb t\u00eb mallrave, sh\u00ebrbimeve, njer\u00ebzve dhe kapitalit.<\/p>\n<p>Samiti i par\u00eb midis tre lider\u00ebve u mbajt n\u00eb Novi Sad t\u00eb Serbis\u00eb, m\u00eb 10 tetor, me \u00e7&#8217;rast ata n\u00ebnshkruan nj\u00eb deklarat\u00eb e cila bazohet n\u00eb zbatimin e l\u00ebvizjes s\u00eb lir\u00eb t\u00eb mallrave, kapitalit, njer\u00ebzve dhe sh\u00ebrbimeve.<\/p>\n<p>N\u00eb konferenc\u00ebn e p\u00ebrbashk\u00ebt p\u00ebr media, Vu\u00e7i\u00e7 pati th\u00ebn\u00eb se synim i k\u00ebsaj nisme \u00ebsht\u00eb q\u00eb deri n\u00eb fund t\u00eb vitit 2021 t\u00eb krijohen kushtet q\u00eb qytetar\u00ebt e Serbis\u00eb, Maqedonis\u00eb s\u00eb Veriut dhe Shqip\u00ebris\u00eb t\u00eb kalojn\u00eb kufijt\u00eb e tri vendeve me let\u00ebr-njoftime.<\/p>\n<p>Ai ka th\u00ebn\u00eb se me masa &#8220;m\u00eb konkrete&#8221; t\u00eb zbatimit t\u00eb k\u00ebsaj nisme, p\u00ebrfaq\u00ebsuesit e tri vendeve, do t\u00eb dalin n\u00eb takimin e ardhsh\u00ebm, q\u00eb do t\u00eb mbahet n\u00eb Oh\u00ebr, m\u00eb 10 n\u00ebntor, shkruan REL.<\/p>","protected":false},"excerpt":{"rendered":"<p>Presidenti serb, Aleksandar Vu\u00e7i\u00e7 bisedoi p\u00ebrmes telefonit me kryeministrin e Shqip\u00ebris\u00eb, Edi Rama dhe at\u00eb t\u00eb Maqedonis\u00eb s\u00eb Veriut, Zoran Zaev, lidhur me p\u00ebrgatitjet p\u00ebr takimin e dyt\u00eb trepal\u00ebsh n\u00eb Oh\u00ebr, n\u00eb t\u00eb cilin ata duhet t\u00eb vazhdojn\u00eb bisedimet p\u00ebr krijimin e nj\u00eb &#8220;mini Shengeni&#8221; midis tre vendeve. &#8220;Nj\u00eb bised\u00eb e shk\u00eblqyer me Edi Ram\u00ebn [&hellip;]<\/p>\n","protected":false},"author":2013,"featured_media":112274,"comment_status":"open","ping_status":"closed","sticky":false,"template":"","format":"standard","meta":{"footnotes":""},"categories":[241,235],"tags":[],"class_list":{"0":"post-112243","1":"post","2":"type-post","3":"status-publish","4":"format-standard","5":"has-post-thumbnail","7":"category-aktualitet","8":"category-vendi"},"_links":{"self":[{"href":"https:\/\/zjarr.tv\/en\/wp-json\/wp\/v2\/posts\/112243","targetHints":{"allow":["GET"]}}],"collection":[{"href":"https:\/\/zjarr.tv\/en\/wp-json\/wp\/v2\/posts"}],"about":[{"href":"https:\/\/zjarr.tv\/en\/wp-json\/wp\/v2\/types\/post"}],"author":[{"embeddable":true,"href":"https:\/\/zjarr.tv\/en\/wp-json\/wp\/v2\/users\/2013"}],"replies":[{"embeddable":true,"href":"https:\/\/zjarr.tv\/en\/wp-json\/wp\/v2\/comments?post=112243"}],"version-history":[{"count":0,"href":"https:\/\/zjarr.tv\/en\/wp-json\/wp\/v2\/posts\/112243\/revisions"}],"wp:featuredmedia":[{"embeddable":true,"href":"https:\/\/zjarr.tv\/en\/wp-json\/wp\/v2\/media\/112274"}],"wp:attachment":[{"href":"https:\/\/zjarr.tv\/en\/wp-json\/wp\/v2\/media?parent=112243"}],"wp:term":[{"taxonomy":"category","embeddable":true,"href":"https:\/\/zjarr.tv\/en\/wp-json\/wp\/v2\/categories?post=112243"},{"taxonomy":"post_tag","embeddable":true,"href":"https:\/\/zjarr.tv\/en\/wp-json\/wp\/v2\/tags?post=112243"}],"curies":[{"name":"wp","href":"https:\/\/api.w.org\/{rel}","templated":true}]}}