{"id":112276,"date":"2019-11-04T16:02:58","date_gmt":"2019-11-04T15:02:58","guid":{"rendered":"https:\/\/zjarr.tv\/?p=112276"},"modified":"2019-11-04T16:02:58","modified_gmt":"2019-11-04T15:02:58","slug":"holanda-zbut-tonet-per-negociatat-arritje-procesi-i-vetingut","status":"publish","type":"post","link":"https:\/\/zjarr.tv\/en\/holanda-zbut-tonet-per-negociatat-arritje-procesi-i-vetingut\/","title":{"rendered":"Holanda zbut tonet p\u00ebr negociatat: Arritje, procesi i vetingut"},"content":{"rendered":"<p><em>P\u00ebr Holand\u00ebn, moszbatimi i ligjit, korrupsioni dhe krimi i organizuar ishin disa nga fushat q\u00eb k\u00ebrc\u00ebnuan aspiratat e vendit p\u00ebr negociatat n\u00eb muajin tetor. Ministri i jasht\u00ebm holandez pranon tani se vendi ka b\u00ebr\u00eb progres dhe inkurajon mbylljen e reformave pezull p\u00ebr t\u00eb hapur bisedimet n\u00eb vitin 2020.<\/em><\/p>\n<p>Holanda ka zbutur tonet p\u00ebr pranimin e Shqip\u00ebris\u00eb dhe Maqedonis\u00eb s\u00eb Veriut n\u00eb familjen europiane.<\/p>\n<p>Ministri i Jasht\u00ebm holandez, Stef Blok, n\u00eb nj\u00eb intervist\u00eb p\u00ebr gazet\u00ebn serbe Danas, theksoi t\u00eb h\u00ebn\u00ebn se BE-ja nuk ka dyshime p\u00ebr perspektiv\u00ebn evropiane t\u00eb Ballkanit Per\u00ebndimor, por reformat e nd\u00ebrmarra nga dy shtetet jan\u00eb t\u00eb pamjaftueshme.<\/p>\n<p><em>&#8220;Ne i mir\u00ebpresim hapat pozitiv\u00eb t\u00eb Shqip\u00ebris\u00eb. Arritje e ve\u00e7ant\u00eb \u00ebsht\u00eb procesi i vetingut t\u00eb gjyqtar\u00ebve dhe prokuror\u00ebve, apo reformat dometh\u00ebn\u00ebse ligjore dhe themelimi i institucioneve t\u00eb reja t\u00eb drejt\u00ebsis\u00eb. Megjithat\u00eb, p\u00ebrpara hapjes s\u00eb negociatave p\u00ebr an\u00ebtar\u00ebsim, Shqip\u00ebria duhet t\u00eb tregoj\u00eb rezultate t\u00eb prekshme n\u00eb luft\u00ebn kund\u00ebr korrupsionit dhe krimit t\u00eb organizuar. Ne jemi t\u00eb gatsh\u00ebm t\u00eb ndihmojm\u00eb,&#8221;<\/em>\u00a0deklaron ministri Blok.<\/p>\n<p>Kryediplomati holandez shton se tema e negociatave do merret n\u00eb konsiderat\u00eb vitin e ardhsh\u00ebm, dhe se kjo periudh\u00eb duhet t\u00eb shfryt\u00ebzuar nga qeverit\u00eb p\u00ebr t\u00eb bindur shtetet m\u00eb skeptike me reforma t\u00eb tjera.<\/p>\n<p>Blok beson se rreziku i tundimit t\u00eb rajonit nga aktor\u00eb si Rusia, Kina apo Turqia \u00ebsht\u00eb i ul\u00ebt edhe tani q\u00eb perspektivat integruese t\u00eb tij jan\u00eb n\u00eb pritje.<\/p>\n<p>I pyetur p\u00ebr dialogun Kosov\u00eb-Serbi, politikani holandez ndan q\u00ebndrimin kund\u00ebr ides\u00eb s\u00eb shk\u00ebmbimit t\u00eb territoreve n\u00eb baza etnish nd\u00ebrsa fton pal\u00ebt t\u00eb gjejn\u00eb nj\u00eb zgjidhje t\u00eb p\u00ebrbashk\u00ebt me nd\u00ebrmjet\u00ebsin\u00eb e Brukselit apo edhe t\u00eb Uashingtonit.<\/p>","protected":false},"excerpt":{"rendered":"<p>P\u00ebr Holand\u00ebn, moszbatimi i ligjit, korrupsioni dhe krimi i organizuar ishin disa nga fushat q\u00eb k\u00ebrc\u00ebnuan aspiratat e vendit p\u00ebr negociatat n\u00eb muajin tetor. Ministri i jasht\u00ebm holandez pranon tani se vendi ka b\u00ebr\u00eb progres dhe inkurajon mbylljen e reformave pezull p\u00ebr t\u00eb hapur bisedimet n\u00eb vitin 2020. Holanda ka zbutur tonet p\u00ebr pranimin e [&hellip;]<\/p>\n","protected":false},"author":2013,"featured_media":112278,"comment_status":"open","ping_status":"closed","sticky":false,"template":"","format":"standard","meta":{"footnotes":""},"categories":[241,235],"tags":[],"class_list":{"0":"post-112276","1":"post","2":"type-post","3":"status-publish","4":"format-standard","5":"has-post-thumbnail","7":"category-aktualitet","8":"category-vendi"},"_links":{"self":[{"href":"https:\/\/zjarr.tv\/en\/wp-json\/wp\/v2\/posts\/112276","targetHints":{"allow":["GET"]}}],"collection":[{"href":"https:\/\/zjarr.tv\/en\/wp-json\/wp\/v2\/posts"}],"about":[{"href":"https:\/\/zjarr.tv\/en\/wp-json\/wp\/v2\/types\/post"}],"author":[{"embeddable":true,"href":"https:\/\/zjarr.tv\/en\/wp-json\/wp\/v2\/users\/2013"}],"replies":[{"embeddable":true,"href":"https:\/\/zjarr.tv\/en\/wp-json\/wp\/v2\/comments?post=112276"}],"version-history":[{"count":0,"href":"https:\/\/zjarr.tv\/en\/wp-json\/wp\/v2\/posts\/112276\/revisions"}],"wp:featuredmedia":[{"embeddable":true,"href":"https:\/\/zjarr.tv\/en\/wp-json\/wp\/v2\/media\/112278"}],"wp:attachment":[{"href":"https:\/\/zjarr.tv\/en\/wp-json\/wp\/v2\/media?parent=112276"}],"wp:term":[{"taxonomy":"category","embeddable":true,"href":"https:\/\/zjarr.tv\/en\/wp-json\/wp\/v2\/categories?post=112276"},{"taxonomy":"post_tag","embeddable":true,"href":"https:\/\/zjarr.tv\/en\/wp-json\/wp\/v2\/tags?post=112276"}],"curies":[{"name":"wp","href":"https:\/\/api.w.org\/{rel}","templated":true}]}}