{"id":112465,"date":"2019-11-06T12:54:39","date_gmt":"2019-11-06T11:54:39","guid":{"rendered":"https:\/\/zjarr.tv\/?p=112465"},"modified":"2019-11-06T12:54:39","modified_gmt":"2019-11-06T11:54:39","slug":"kapet-turku-me-dokumenta-false-ne-portin-e-durresit","status":"publish","type":"post","link":"https:\/\/zjarr.tv\/en\/kapet-turku-me-dokumenta-false-ne-portin-e-durresit\/","title":{"rendered":"Kapet turku me dokumenta false n\u00eb portin e Durr\u00ebsit"},"content":{"rendered":"<p>Nj\u00eb 28-vje\u00e7ar turk ka r\u00ebn\u00eb n\u00eb prangat e policis\u00eb n\u00eb tentativ\u00eb p\u00ebr t\u00eb kaluar nga porti i Durr\u00ebsit me dokumenta t\u00eb falsifikuara.<\/p>\n<p>&#8220;Nga specialist\u00ebt p\u00ebr Hetimin e krimit Ekonomik e Financiar n\u00eb Drejtorin\u00eb Vendore t\u00eb Policis\u00eb Durr\u00ebs, n\u00eb bashk\u00ebpunim me sh\u00ebrbimet e Policis\u00eb Kufitare n\u00eb Portin e Durr\u00ebsit u b\u00eb arestimi n\u00eb flagranc\u00eb i shtetasit turk R. A., 28 vje\u00e7, banues n\u00eb Turqi, pasi n\u00eb P.K.K. Port, Durr\u00ebs, ka tentuar t\u00eb kaloj\u00eb kufirin me dokumente t\u00eb dyshuara si t\u00eb falsifikuara&#8221; njoftoi policia e Durr\u00ebsit.<\/p>","protected":false},"excerpt":{"rendered":"<p>Nj\u00eb 28-vje\u00e7ar turk ka r\u00ebn\u00eb n\u00eb prangat e policis\u00eb n\u00eb tentativ\u00eb p\u00ebr t\u00eb kaluar nga porti i Durr\u00ebsit me dokumenta t\u00eb falsifikuara. &#8220;Nga specialist\u00ebt p\u00ebr Hetimin e krimit Ekonomik e Financiar n\u00eb Drejtorin\u00eb Vendore t\u00eb Policis\u00eb Durr\u00ebs, n\u00eb bashk\u00ebpunim me sh\u00ebrbimet e Policis\u00eb Kufitare n\u00eb Portin e Durr\u00ebsit u b\u00eb arestimi n\u00eb flagranc\u00eb i shtetasit [&hellip;]<\/p>\n","protected":false},"author":2013,"featured_media":112468,"comment_status":"open","ping_status":"closed","sticky":false,"template":"","format":"standard","meta":{"footnotes":""},"categories":[241,235],"tags":[],"class_list":{"0":"post-112465","1":"post","2":"type-post","3":"status-publish","4":"format-standard","5":"has-post-thumbnail","7":"category-aktualitet","8":"category-vendi"},"_links":{"self":[{"href":"https:\/\/zjarr.tv\/en\/wp-json\/wp\/v2\/posts\/112465","targetHints":{"allow":["GET"]}}],"collection":[{"href":"https:\/\/zjarr.tv\/en\/wp-json\/wp\/v2\/posts"}],"about":[{"href":"https:\/\/zjarr.tv\/en\/wp-json\/wp\/v2\/types\/post"}],"author":[{"embeddable":true,"href":"https:\/\/zjarr.tv\/en\/wp-json\/wp\/v2\/users\/2013"}],"replies":[{"embeddable":true,"href":"https:\/\/zjarr.tv\/en\/wp-json\/wp\/v2\/comments?post=112465"}],"version-history":[{"count":0,"href":"https:\/\/zjarr.tv\/en\/wp-json\/wp\/v2\/posts\/112465\/revisions"}],"wp:featuredmedia":[{"embeddable":true,"href":"https:\/\/zjarr.tv\/en\/wp-json\/wp\/v2\/media\/112468"}],"wp:attachment":[{"href":"https:\/\/zjarr.tv\/en\/wp-json\/wp\/v2\/media?parent=112465"}],"wp:term":[{"taxonomy":"category","embeddable":true,"href":"https:\/\/zjarr.tv\/en\/wp-json\/wp\/v2\/categories?post=112465"},{"taxonomy":"post_tag","embeddable":true,"href":"https:\/\/zjarr.tv\/en\/wp-json\/wp\/v2\/tags?post=112465"}],"curies":[{"name":"wp","href":"https:\/\/api.w.org\/{rel}","templated":true}]}}