{"id":112470,"date":"2019-11-06T12:58:55","date_gmt":"2019-11-06T11:58:55","guid":{"rendered":"https:\/\/zjarr.tv\/?p=112470"},"modified":"2019-11-06T12:58:55","modified_gmt":"2019-11-06T11:58:55","slug":"basha-shihemi-sot-ne-shkoder-se-bashku-ne-rrugetimin-per-shqiperine","status":"publish","type":"post","link":"https:\/\/zjarr.tv\/en\/basha-shihemi-sot-ne-shkoder-se-bashku-ne-rrugetimin-per-shqiperine\/","title":{"rendered":"Basha: Shihemi sot n\u00eb Shkod\u00ebr, s\u00eb bashku n\u00eb Rrug\u00ebtimin p\u00ebr Shqip\u00ebrin\u00eb!"},"content":{"rendered":"<p>Kryetari i PD-s\u00eb Lulzim Basha do t\u00eb zhvilloj\u00eb n\u00eb Shkod\u00ebr, takimin e tret\u00eb me qytetar\u00ebt n\u00eb kuadrin e turit t\u00eb tij \u201cRrug\u00ebtimi p\u00ebr Shqip\u00ebrin\u00eb\u201d \u201cShihemi sot n\u00eb Shkod\u00ebr n\u00eb or\u00ebn 17:00 me t\u00eb rinj e t\u00eb reja p\u00ebr t\u00eb vazhduar bashk\u00eb &#8220;Rrug\u00ebtimin p\u00ebr Shqip\u00ebrin\u00eb\u201d, shkroi Basha n\u00eb Fb. Takimi do t\u00eb mbahet n\u00eb hotel Rozafa, Shkod\u00ebr, n\u00eb or\u00ebn 17:00.<\/p>\n<p>T\u00eb h\u00ebn\u00ebn dhe t\u00eb mart\u00ebn Basha kreu dy takime, t\u00eb parin n\u00eb Elbasan dhe t\u00eb dytin n\u00eb Kor\u00e7\u00eb, nd\u00ebrtuar n\u00eb form\u00ebn e bashk\u00ebbisedimit me qytetar\u00ebt.<\/p>","protected":false},"excerpt":{"rendered":"<p>Kryetari i PD-s\u00eb Lulzim Basha do t\u00eb zhvilloj\u00eb n\u00eb Shkod\u00ebr, takimin e tret\u00eb me qytetar\u00ebt n\u00eb kuadrin e turit t\u00eb tij \u201cRrug\u00ebtimi p\u00ebr Shqip\u00ebrin\u00eb\u201d \u201cShihemi sot n\u00eb Shkod\u00ebr n\u00eb or\u00ebn 17:00 me t\u00eb rinj e t\u00eb reja p\u00ebr t\u00eb vazhduar bashk\u00eb &#8220;Rrug\u00ebtimin p\u00ebr Shqip\u00ebrin\u00eb\u201d, shkroi Basha n\u00eb Fb. Takimi do t\u00eb mbahet n\u00eb hotel Rozafa, [&hellip;]<\/p>\n","protected":false},"author":2013,"featured_media":112474,"comment_status":"open","ping_status":"closed","sticky":false,"template":"","format":"standard","meta":{"footnotes":""},"categories":[241,235],"tags":[],"class_list":{"0":"post-112470","1":"post","2":"type-post","3":"status-publish","4":"format-standard","5":"has-post-thumbnail","7":"category-aktualitet","8":"category-vendi"},"_links":{"self":[{"href":"https:\/\/zjarr.tv\/en\/wp-json\/wp\/v2\/posts\/112470","targetHints":{"allow":["GET"]}}],"collection":[{"href":"https:\/\/zjarr.tv\/en\/wp-json\/wp\/v2\/posts"}],"about":[{"href":"https:\/\/zjarr.tv\/en\/wp-json\/wp\/v2\/types\/post"}],"author":[{"embeddable":true,"href":"https:\/\/zjarr.tv\/en\/wp-json\/wp\/v2\/users\/2013"}],"replies":[{"embeddable":true,"href":"https:\/\/zjarr.tv\/en\/wp-json\/wp\/v2\/comments?post=112470"}],"version-history":[{"count":0,"href":"https:\/\/zjarr.tv\/en\/wp-json\/wp\/v2\/posts\/112470\/revisions"}],"wp:featuredmedia":[{"embeddable":true,"href":"https:\/\/zjarr.tv\/en\/wp-json\/wp\/v2\/media\/112474"}],"wp:attachment":[{"href":"https:\/\/zjarr.tv\/en\/wp-json\/wp\/v2\/media?parent=112470"}],"wp:term":[{"taxonomy":"category","embeddable":true,"href":"https:\/\/zjarr.tv\/en\/wp-json\/wp\/v2\/categories?post=112470"},{"taxonomy":"post_tag","embeddable":true,"href":"https:\/\/zjarr.tv\/en\/wp-json\/wp\/v2\/tags?post=112470"}],"curies":[{"name":"wp","href":"https:\/\/api.w.org\/{rel}","templated":true}]}}