{"id":112472,"date":"2019-11-06T12:58:11","date_gmt":"2019-11-06T11:58:11","guid":{"rendered":"https:\/\/zjarr.tv\/?p=112472"},"modified":"2019-11-06T12:58:11","modified_gmt":"2019-11-06T11:58:11","slug":"rama-askush-nuk-do-i-gezoje-parate-e-pista-do-marrim-masa-ndaj-kck-se","status":"publish","type":"post","link":"https:\/\/zjarr.tv\/en\/rama-askush-nuk-do-i-gezoje-parate-e-pista-do-marrim-masa-ndaj-kck-se\/","title":{"rendered":"Rama: Askush nuk do i g\u00ebzoj\u00eb parat\u00eb e pista, do marrim masa ndaj K\u00c7K-s\u00eb"},"content":{"rendered":"<p>Kryeministri Edi Rama komentoi s\u00ebrish n\u00eb takimin me qytetar\u00ebt at\u00eb q\u00eb e ka etiketuar si organizata K\u00c7K (kap \u00e7a t\u00eb kap\u00ebsh).<\/p>\n<p>Referuar ngjarjeve t\u00eb fundit n\u00eb Durr\u00ebs, Rama tha se do t\u00eb vazhdoj\u00eb pastrimi i sistemit t\u00eb drejt\u00ebsis\u00eb.<\/p>\n<p>\u201cKa nisur pastrimi i sistemit. Shum\u00eb nga xhakajdur\u00ebt q\u00eb jan\u00eb n\u00eb sistem e din\u00eb q\u00eb nuk e kalojn\u00eb vetingun dhe do i kapi fshesa. Ndaj jan\u00eb l\u00ebshuar K\u00c7K, organizata m\u00eb e rrezikshme kriminale q\u00eb vepron n\u00eb vend, e veshur me petkun e ligjit dhe funksionon si organizat\u00eb grabit\u00ebsish ordiner\u00eb. P\u00ebr K\u00c7K-n\u00eb ne po b\u00ebhemi gati dhe sikund\u00ebr e kam lajm\u00ebruar lidhur me krimin e organizuar, paralelisht me nj\u00eb ligj special p\u00ebr ta \u00e7uar luft\u00ebn kund\u00ebr krimit n\u00eb nj\u00eb nivel t\u00eb pandodhur m\u00eb par\u00eb dhe me rezultate t\u00eb garantuara. Ne do t\u00eb \u00e7ojm\u00eb n\u00eb Kuvend edhe disa masa speciale ndaj an\u00ebtar\u00ebve t\u00eb K\u00c7K, nuk mund t\u00eb them m\u00eb shum\u00eb por t\u00eb jeni t\u00eb sigurt se t\u00eb gjith\u00eb do t\u00eb shohin n\u00eb praktik\u00eb, jo n\u00eb fjalime, rezultatet e nj\u00eb ofensive frontale q\u00eb qeveria do t\u00eb nd\u00ebrmarr\u00eb ndaj krimit t\u00eb organizuar dhe K\u00c7K,\u201d tha ai.<\/p>\n<div id=\"rekl-13\">\n<div id=\"__sap-ad-15\" class=\"__sap-ads __sap-html tracked\" data-title=\"Credins desktop 08\"><ins><\/p>\n<div id=\"beacon_97826e54b9\"><\/div>\n<p><\/ins><\/div>\n<\/div>\n<p>Pas nj\u00eb ankese t\u00eb nj\u00eb qytetari p\u00ebr Kadastr\u00ebn e Durr\u00ebsit, Rama premtoi reform\u00eb.<\/p>\n<p>\u201cFaleminderit p\u00ebr pranin\u00eb edhe pse na preke n\u00eb nj\u00eb plag\u00eb t\u00eb hapur q\u00eb \u00ebsht\u00eb Kadastra e Durr\u00ebsit, por jam i bindur q\u00eb ligji special kund\u00ebr krimit t\u00eb organizuar dhe masa speciale kund\u00ebr K\u00c7K do e \u00e7lirojn\u00eb p\u00ebrfundimisht edhe Kadastr\u00ebn e Durr\u00ebsit dhe gjith\u00eb kadastrat nga rrethimi kriminal q\u00eb ka nisur prej shum\u00eb e shum\u00eb vitesh dhe q\u00eb ne kemi arritur ta \u00e7ajm\u00eb vet\u00ebm pjes\u00ebrisht sidomos n\u00eb zonat q\u00eb kan\u00eb nj\u00eb interes zhvillimi turistik aty ku krimi i organizuar p\u00ebrpiqet t\u00eb shp\u00eblaj\u00eb parat\u00eb e pista, por nuk do i g\u00ebzojn\u00eb, nuk do i<\/p>","protected":false},"excerpt":{"rendered":"<p>Kryeministri Edi Rama komentoi s\u00ebrish n\u00eb takimin me qytetar\u00ebt at\u00eb q\u00eb e ka etiketuar si organizata K\u00c7K (kap \u00e7a t\u00eb kap\u00ebsh). Referuar ngjarjeve t\u00eb fundit n\u00eb Durr\u00ebs, Rama tha se do t\u00eb vazhdoj\u00eb pastrimi i sistemit t\u00eb drejt\u00ebsis\u00eb. \u201cKa nisur pastrimi i sistemit. Shum\u00eb nga xhakajdur\u00ebt q\u00eb jan\u00eb n\u00eb sistem e din\u00eb q\u00eb nuk e [&hellip;]<\/p>\n","protected":false},"author":2013,"featured_media":69859,"comment_status":"open","ping_status":"closed","sticky":false,"template":"","format":"standard","meta":{"footnotes":""},"categories":[241,235],"tags":[],"class_list":{"0":"post-112472","1":"post","2":"type-post","3":"status-publish","4":"format-standard","5":"has-post-thumbnail","7":"category-aktualitet","8":"category-vendi"},"_links":{"self":[{"href":"https:\/\/zjarr.tv\/en\/wp-json\/wp\/v2\/posts\/112472","targetHints":{"allow":["GET"]}}],"collection":[{"href":"https:\/\/zjarr.tv\/en\/wp-json\/wp\/v2\/posts"}],"about":[{"href":"https:\/\/zjarr.tv\/en\/wp-json\/wp\/v2\/types\/post"}],"author":[{"embeddable":true,"href":"https:\/\/zjarr.tv\/en\/wp-json\/wp\/v2\/users\/2013"}],"replies":[{"embeddable":true,"href":"https:\/\/zjarr.tv\/en\/wp-json\/wp\/v2\/comments?post=112472"}],"version-history":[{"count":0,"href":"https:\/\/zjarr.tv\/en\/wp-json\/wp\/v2\/posts\/112472\/revisions"}],"wp:featuredmedia":[{"embeddable":true,"href":"https:\/\/zjarr.tv\/en\/wp-json\/wp\/v2\/media\/69859"}],"wp:attachment":[{"href":"https:\/\/zjarr.tv\/en\/wp-json\/wp\/v2\/media?parent=112472"}],"wp:term":[{"taxonomy":"category","embeddable":true,"href":"https:\/\/zjarr.tv\/en\/wp-json\/wp\/v2\/categories?post=112472"},{"taxonomy":"post_tag","embeddable":true,"href":"https:\/\/zjarr.tv\/en\/wp-json\/wp\/v2\/tags?post=112472"}],"curies":[{"name":"wp","href":"https:\/\/api.w.org\/{rel}","templated":true}]}}