{"id":112475,"date":"2019-11-06T13:00:28","date_gmt":"2019-11-06T12:00:28","guid":{"rendered":"https:\/\/zjarr.tv\/?p=112475"},"modified":"2019-11-06T13:00:28","modified_gmt":"2019-11-06T12:00:28","slug":"ekonomia-rrezon-beqajn-per-gjobat-ish-ministri-aku-i-la-qellimisht-per-ti-zhvatur","status":"publish","type":"post","link":"https:\/\/zjarr.tv\/en\/ekonomia-rrezon-beqajn-per-gjobat-ish-ministri-aku-i-la-qellimisht-per-ti-zhvatur\/","title":{"rendered":"&#8216;Ekonomia&#8217; rr\u00ebzon Beqajn p\u00ebr gjobat, ish-ministri: AKU i la q\u00ebllimisht p\u00ebr ti zhvatur"},"content":{"rendered":"<p>Komisioni i Ekonomis\u00eb rr\u00ebzoi projektligjin p\u00ebr faljen e gjobave t\u00eb AKU p\u00ebr bizneset q\u00eb u kap\u00ebn me produkte t\u00eb skaduara.<\/p>\n<p>Drafti u propozua nga ish-ministri i Sh\u00ebndet\u00ebsis\u00eb Ilir Beqaj, por hasi me kund\u00ebrshtimin e an\u00ebtar\u00ebve t\u00eb tjer\u00eb t\u00eb Komisionit.<\/p>\n<p>Kryetari i Komisionit t\u00eb Ekonomis\u00eb, Arben Ahmetaj e quajti antikushtetues.<\/p>\n<p>Nd\u00ebrsa Beqaj tha se AKU i la q\u00ebllimisht bizneset n\u00eb paligjshm\u00ebri p\u00ebr ti zhvatur.<\/p>\n<p><strong><em>Debati n\u00eb Komision<\/em><\/strong><\/p>\n<p>N\u00eb Komision e Ekonomis\u00eb u mbajt\u00ebn q\u00ebndrime t\u00eb kund\u00ebrta kund\u00ebr draftit t\u00eb paraqitur nga deputeti Ilir Beqaj p\u00ebr faljen e gjobave.<\/p>\n<p>Kryetari i Komisionit t\u00eb Ekonomis\u00eb, Arben Ahmetaj k\u00ebrkoi mb\u00ebshtetjen e deputet\u00ebve p\u00ebr mosmiratimit e ligjit p\u00ebr faljen e gjobave t\u00eb AKU ndaj bizneseve q\u00eb u kap\u00ebn me produkte t\u00eb skaduara.<\/p>\n<p>Ai tha se t\u00eb gjith\u00eb duhet t\u00eb jen\u00eb t\u00eb barabart\u00eb para ligjit dhe se p\u00ebrjashtimi \u00ebsht\u00eb antikushtetues.<\/p>\n<p><strong>Arben Ahmetaj:\u00a0<\/strong><em>L<\/em><em>igji nuk duhet t\u00eb miratohet. K\u00ebrkoj mb\u00ebshtetjen e deputet\u00ebve. T\u00eb gjith\u00eb jan\u00eb t\u00eb barabart\u00eb para ligjit, p\u00ebrjashtimi \u00ebsht\u00eb antikushtetues.\u00a0<\/em><\/p>\n<p><em>Mosdija n\u00eb lidhje me ligjin nuk \u00ebsht\u00eb justifikim. Kjo krijon premisa tek subjektet p\u00ebr moszbatim ligji. Kjo periudh\u00eb ka qen\u00eb aksion kund\u00ebr informalitetit e sidomos n\u00eb lidhje me sigurin\u00eb ushqimore.<\/em><\/p>\n<p>Gjithashtu edhe zv\/ministrja Ermira Gjeci \u00ebsht\u00eb shprehur se Ministria e Bujq\u00ebsis\u00eb \u00ebsht\u00eb kund\u00ebr draftit t\u00eb paraqitur nga deputeti Ilir Beqaj p\u00ebr faljen e gjobave.<\/p>\n<p><strong>Bizneset u lan\u00eb me q\u00ebllim n\u00eb paligjshm\u00ebri p\u00ebr tu zhvatur<\/strong><\/p>\n<p>Ish-ministri i Sh\u00ebndet\u00ebsis\u00eb, Ilir Beqaj argumentoi projektligjin q\u00eb propozoi p\u00ebr faljen e gjobave, duke th\u00ebn\u00eb se bizneset jan\u00eb l\u00ebn\u00eb me q\u00ebllim n\u00eb paligjshm\u00ebri p\u00ebr tu zhvatur.<\/p>\n<p><strong>Ilir Beqja:<\/strong><em>\u00a0\u201cNuk kam b\u00ebr\u00eb p\u00ebrllogaritje aritmetike t\u00eb vler\u00ebs s\u00eb gjob\u00ebs. Nga 1 korriku deri 31 gusht p\u00ebr arsye licence kan\u00eb aplikuar 1415 subjekte, q\u00eb do t\u00eb thot\u00eb prej vitesh kan\u00eb qen\u00eb n\u00eb moszbatim ligji. Kjo do t\u00eb thot\u00eb prej vitesh kan\u00eb qen\u00eb n\u00eb moszbatim ligji. Moszbatimi i ligjit ka qen\u00eb kaq masiv saq\u00eb deri m\u00eb 30 qershor \u00a0ishte nj\u00eb gj\u00eb e pranuar n\u00eb m\u00ebnyr\u00eb t\u00eb heshtur, e pa v\u00ebn\u00eb re n\u00eb m\u00ebnyr\u00eb mikroskopike as nga vet\u00eb administrata e AKU-s\u00eb n\u00eb vite.<\/em><\/p>\n<p><em>Un\u00eb jam dakord me pjes\u00ebn e Kushtetutshm\u00ebris\u00eb s\u00eb Ahmetaj. Por shifrat m\u00eb b\u00ebjn\u00eb t\u00eb ndalem. 1415 subjekte paskan qen\u00eb n\u00eb paligjshm\u00ebri. Q\u00eb do t\u00eb thot\u00eb se trupat inspektuese i paskan l\u00ebn\u00eb q\u00ebllim p\u00ebr ti zhvatur,\u00a0<\/em><em>e b\u00ebnin me q\u00ebllim p\u00ebr ti b\u00ebr\u00eb presione t\u00eb paligjshme p\u00ebr ti zhvatur.&#8221;<\/em><\/p>","protected":false},"excerpt":{"rendered":"<p>Komisioni i Ekonomis\u00eb rr\u00ebzoi projektligjin p\u00ebr faljen e gjobave t\u00eb AKU p\u00ebr bizneset q\u00eb u kap\u00ebn me produkte t\u00eb skaduara. Drafti u propozua nga ish-ministri i Sh\u00ebndet\u00ebsis\u00eb Ilir Beqaj, por hasi me kund\u00ebrshtimin e an\u00ebtar\u00ebve t\u00eb tjer\u00eb t\u00eb Komisionit. Kryetari i Komisionit t\u00eb Ekonomis\u00eb, Arben Ahmetaj e quajti antikushtetues. Nd\u00ebrsa Beqaj tha se AKU i [&hellip;]<\/p>\n","protected":false},"author":2013,"featured_media":112480,"comment_status":"open","ping_status":"closed","sticky":false,"template":"","format":"standard","meta":{"footnotes":""},"categories":[241,235],"tags":[],"class_list":{"0":"post-112475","1":"post","2":"type-post","3":"status-publish","4":"format-standard","5":"has-post-thumbnail","7":"category-aktualitet","8":"category-vendi"},"_links":{"self":[{"href":"https:\/\/zjarr.tv\/en\/wp-json\/wp\/v2\/posts\/112475","targetHints":{"allow":["GET"]}}],"collection":[{"href":"https:\/\/zjarr.tv\/en\/wp-json\/wp\/v2\/posts"}],"about":[{"href":"https:\/\/zjarr.tv\/en\/wp-json\/wp\/v2\/types\/post"}],"author":[{"embeddable":true,"href":"https:\/\/zjarr.tv\/en\/wp-json\/wp\/v2\/users\/2013"}],"replies":[{"embeddable":true,"href":"https:\/\/zjarr.tv\/en\/wp-json\/wp\/v2\/comments?post=112475"}],"version-history":[{"count":0,"href":"https:\/\/zjarr.tv\/en\/wp-json\/wp\/v2\/posts\/112475\/revisions"}],"wp:featuredmedia":[{"embeddable":true,"href":"https:\/\/zjarr.tv\/en\/wp-json\/wp\/v2\/media\/112480"}],"wp:attachment":[{"href":"https:\/\/zjarr.tv\/en\/wp-json\/wp\/v2\/media?parent=112475"}],"wp:term":[{"taxonomy":"category","embeddable":true,"href":"https:\/\/zjarr.tv\/en\/wp-json\/wp\/v2\/categories?post=112475"},{"taxonomy":"post_tag","embeddable":true,"href":"https:\/\/zjarr.tv\/en\/wp-json\/wp\/v2\/tags?post=112475"}],"curies":[{"name":"wp","href":"https:\/\/api.w.org\/{rel}","templated":true}]}}