{"id":112498,"date":"2019-11-06T13:50:31","date_gmt":"2019-11-06T12:50:31","guid":{"rendered":"https:\/\/zjarr.tv\/?p=112498"},"modified":"2019-11-06T13:50:31","modified_gmt":"2019-11-06T12:50:31","slug":"klp-kerkon-hetim-disiplinor-per-arjan-ndojen-drejton-nje-studio-ligjore","status":"publish","type":"post","link":"https:\/\/zjarr.tv\/en\/klp-kerkon-hetim-disiplinor-per-arjan-ndojen-drejton-nje-studio-ligjore\/","title":{"rendered":"KLP k\u00ebrkon hetim disiplinor p\u00ebr Arjan Ndoj\u00ebn: Drejton nj\u00eb studio ligjore"},"content":{"rendered":"<div class=\"readmore-text-here\">\n<p>K\u00ebshilli i Lart\u00eb i Prokuroris\u00eb i ka d\u00ebrguar nj\u00eb k\u00ebrkes\u00eb Prokurores s\u00eb P\u00ebrgjithshme, Arta Marku, duke i k\u00ebrkuar hetim disiplinor p\u00ebr prokurorin Arjan Ndoja.<\/p>\n<p>Fillimisht, KLP e quan nj\u00eb ngjarje t\u00eb r\u00ebnd\u00eb.<\/p>\n<div class=\"in-artile-read-more\"><\/div>\n<p>Por ata thon\u00eb se Ndoja duhet hetuar pasi ka deklaruar se ka nj\u00eb studio ligjore, \u00e7ka bie ndesh me ligjin.<\/p>\n<div id=\"rekl-13\">\n<div id=\"__sap-ad-15\" class=\"__sap-ads __sap-html tracked\" data-title=\"Credins desktop 08\"><ins><\/p>\n<div id=\"beacon_4db17f2333\"><\/div>\n<p><\/ins><\/div>\n<\/div>\n<p>Nj\u00eb dit\u00eb m\u00eb par\u00eb, pasi u raportua se n\u00eb makin\u00ebn e Ndoj\u00ebs ishin gjetur disa dosje sensitive, ai u mbrojt duke th\u00ebn\u00eb se i duheshin p\u00ebr shkak se ofron konsulenc\u00eb ligjore.<\/p>\n<p>N\u00eb letr\u00ebn e KLP thuhet se p\u00ebr sa koh\u00eb nuk \u00ebsht\u00eb ngritur Inspektoriati i Lart\u00eb i Drejt\u00ebsis\u00eb, hetimin duhet ta kryej\u00eb Prokuroria e P\u00ebrgjithshme.<\/p>\n<p>&nbsp;<\/p>\n<p><strong>LETRA<\/strong><\/p>\n<p><em>Ngjarja e ndodhur n\u00eb dat\u00ebn 01.11.2019, n\u00eb mbikalimin e Shkozetit, ku u q\u00ebllua me arm\u00eb zjarri ndaj makin\u00ebs s\u00eb prokurorit Arjan Ndoji, dhe si rezultat i atentatit mbet\u00ebn t\u00eb plagosur, prokurori Arjan Ndoji, shoferi i tij, Andi Maloku si dhe nj\u00eb person tjet\u00ebr i identifikuar me emrin Aleksand\u00ebr Laho, \u00ebsht\u00eb nj\u00eb ngjarje e r\u00ebnd\u00eb n\u00eb rradh\u00ebt e magjistrat\u00ebve si dhe t\u00eb sistemit t\u00eb drejt\u00ebsis\u00eb n\u00eb vend.<\/em><\/p>\n<p><em>Nisur nga t\u00eb dh\u00ebna paraprake si dhe nga nj\u00eb prononcim dh\u00ebne p\u00ebr median A2 News nga prokurori Ndoji, b\u00ebhet me dije fakti q\u00eb prokurori drejton prej koh\u00ebsh nj\u00eb studio ligjore ku ofron konsulenc\u00eb ligjore p\u00ebr c\u00ebshtje t\u00eb ndryshme. Ky fakt n\u00ebse do t\u00eb rezultonte i v\u00ebrtet\u00eb, do t\u00eb p\u00ebrb\u00ebnte shkelje disiplinore t\u00eb parashikuara n\u00eb nenin 103 pika a dhe \u00e7, t\u00eb ligjit 96\/2016 \u201cP\u00ebr statusin e gjyqtar\u00ebve dhe prokuror\u00ebve n\u00eb Republik\u00ebn e Shqip\u00ebris\u00eb\u201d.<\/em><\/p>\n<p><em>Neni 160\/5 i Ligjit 96\/2016\u201cP\u00ebr statusin e gjyqtar\u00ebve dhe prokuror\u00ebve n\u00eb Republik\u00ebn e Shqip\u00ebris\u00eb\u201d si dhe nenit 194\/2 g\u00ebrma \u00e7, i Ligjit 115\/2016\u201cP\u00ebr organet e qeverisjes s\u00eb sistemit t\u00eb drejt\u00ebsis\u00eb\u201d, ngarkojn\u00eb Prokurorin e P\u00ebrgjithsh\u00ebm me detyr\u00ebn qe t\u00eb hetoj\u00eb t\u00eb gjitha pretendimet p\u00ebr shkeljet disiplinore n\u00eb rradh\u00ebt e prokuror\u00ebve p\u00ebr sa koh\u00eb nuk \u00ebsht\u00eb krijuar Inspektoriati i Lart\u00eb i Drejt\u00ebsis\u00eb.<\/em><\/p>\n<p><em>Sa m\u00eb lart\u00eb, K\u00ebshilli i Lart\u00eb i Prokuroris\u00eb, bazuar n\u00eb nenin 119 t\u00eb ligjin 96\/2016 \u201cP\u00ebr statusin e gjyqtar\u00ebve dhe prokuror\u00ebve n\u00eb Republik\u00ebn e Shqip\u00ebris\u00eb\u201d, k\u00ebrkon nga ana Juaj, nisjen e nj\u00eb hetimi disiplinor ndaj prokurorit Arjan Ndoji, duke gjykuar n\u00ebse jan\u00eb konsumuar apo jo prej tij shkeljet disiplinore t\u00eb parashikuara nenin 103 pika a dhe \u00e7, t\u00eb ligjit 96\/2016 \u201cP\u00ebr statusin e gjyqtar\u00ebve dhe prokuror\u00ebve n\u00eb Republik\u00ebn e Shqip\u00ebris\u00eb\u201d.<\/em><\/p>\n<\/div>\n<div id=\"rekl-33\"><\/div>","protected":false},"excerpt":{"rendered":"<p>K\u00ebshilli i Lart\u00eb i Prokuroris\u00eb i ka d\u00ebrguar nj\u00eb k\u00ebrkes\u00eb Prokurores s\u00eb P\u00ebrgjithshme, Arta Marku, duke i k\u00ebrkuar hetim disiplinor p\u00ebr prokurorin Arjan Ndoja. Fillimisht, KLP e quan nj\u00eb ngjarje t\u00eb r\u00ebnd\u00eb. Por ata thon\u00eb se Ndoja duhet hetuar pasi ka deklaruar se ka nj\u00eb studio ligjore, \u00e7ka bie ndesh me ligjin. Nj\u00eb dit\u00eb m\u00eb [&hellip;]<\/p>\n","protected":false},"author":2013,"featured_media":112328,"comment_status":"open","ping_status":"closed","sticky":false,"template":"","format":"standard","meta":{"footnotes":""},"categories":[241,235],"tags":[],"class_list":{"0":"post-112498","1":"post","2":"type-post","3":"status-publish","4":"format-standard","5":"has-post-thumbnail","7":"category-aktualitet","8":"category-vendi"},"_links":{"self":[{"href":"https:\/\/zjarr.tv\/en\/wp-json\/wp\/v2\/posts\/112498","targetHints":{"allow":["GET"]}}],"collection":[{"href":"https:\/\/zjarr.tv\/en\/wp-json\/wp\/v2\/posts"}],"about":[{"href":"https:\/\/zjarr.tv\/en\/wp-json\/wp\/v2\/types\/post"}],"author":[{"embeddable":true,"href":"https:\/\/zjarr.tv\/en\/wp-json\/wp\/v2\/users\/2013"}],"replies":[{"embeddable":true,"href":"https:\/\/zjarr.tv\/en\/wp-json\/wp\/v2\/comments?post=112498"}],"version-history":[{"count":0,"href":"https:\/\/zjarr.tv\/en\/wp-json\/wp\/v2\/posts\/112498\/revisions"}],"wp:featuredmedia":[{"embeddable":true,"href":"https:\/\/zjarr.tv\/en\/wp-json\/wp\/v2\/media\/112328"}],"wp:attachment":[{"href":"https:\/\/zjarr.tv\/en\/wp-json\/wp\/v2\/media?parent=112498"}],"wp:term":[{"taxonomy":"category","embeddable":true,"href":"https:\/\/zjarr.tv\/en\/wp-json\/wp\/v2\/categories?post=112498"},{"taxonomy":"post_tag","embeddable":true,"href":"https:\/\/zjarr.tv\/en\/wp-json\/wp\/v2\/tags?post=112498"}],"curies":[{"name":"wp","href":"https:\/\/api.w.org\/{rel}","templated":true}]}}