{"id":112508,"date":"2019-11-06T13:53:33","date_gmt":"2019-11-06T12:53:33","guid":{"rendered":"https:\/\/zjarr.tv\/?p=112508"},"modified":"2019-11-06T13:53:33","modified_gmt":"2019-11-06T12:53:33","slug":"ekzekutohet-me-arme-zjarri-nje-person-ne-shkoder","status":"publish","type":"post","link":"https:\/\/zjarr.tv\/en\/ekzekutohet-me-arme-zjarri-nje-person-ne-shkoder\/","title":{"rendered":"Ekzekutohet me arm\u00eb zjarri nj\u00eb person n\u00eb Shkod\u00ebr"},"content":{"rendered":"<div class=\"readmore-text-here\">\n<p>Nj\u00eb tjet\u00ebr vrasje ka ndodhur n\u00eb Shkod\u00ebr. Sipas raportimeve t\u00eb para, ngjarja e r\u00ebnd\u00eb \u00ebsht\u00eb regjistruar n\u00eb fshatin Sum\u00eb t\u00eb Dukagjinit.<\/p>\n<p>Viktima quhet Gjergj Krygja.<\/p>\n<p>Ai \u00ebsht\u00eb q\u00eblluar me arm\u00eb zjarri pran\u00eb banes\u00ebs.<\/p>\n<div id=\"rekl-13\">\n<div id=\"__sap-ad-15\" class=\"__sap-ads __sap-html\" data-title=\"Credins desktop 08\"><ins><\/p>\n<div id=\"beacon_8fc8f68123\"><\/div>\n<p><\/ins><\/div>\n<\/div>\n<p><strong>NJOFTIMI PARAPRAK<\/strong><\/p>\n<p>M\u00eb dat\u00eb 06.11.2019, rreth or\u00ebs 11:40, n\u00eb fshatin Sum\u00eb, Nj\u00ebsia Administrative Pult, Shkod\u00ebr, n\u00eb rrethana ende t\u00eb paqarta \u00ebsht\u00eb q\u00eblluar me arm\u00eb zjarri shtetasi Gj. K. 43 vje\u00e7, i cili ka nd\u00ebrruar jet\u00eb. N\u00eb drejtim t\u00eb vendngjarjes jan\u00eb nisur sh\u00ebrbimet e policis\u00eb dhe grupi hetimor p\u00ebr sqarimin e rrethanave t\u00eb k\u00ebsaj ngjarje.<\/p>\n<\/div>\n<div id=\"rekl-33\"><\/div>","protected":false},"excerpt":{"rendered":"<p>Nj\u00eb tjet\u00ebr vrasje ka ndodhur n\u00eb Shkod\u00ebr. Sipas raportimeve t\u00eb para, ngjarja e r\u00ebnd\u00eb \u00ebsht\u00eb regjistruar n\u00eb fshatin Sum\u00eb t\u00eb Dukagjinit. Viktima quhet Gjergj Krygja. Ai \u00ebsht\u00eb q\u00eblluar me arm\u00eb zjarri pran\u00eb banes\u00ebs. NJOFTIMI PARAPRAK M\u00eb dat\u00eb 06.11.2019, rreth or\u00ebs 11:40, n\u00eb fshatin Sum\u00eb, Nj\u00ebsia Administrative Pult, Shkod\u00ebr, n\u00eb rrethana ende t\u00eb paqarta \u00ebsht\u00eb q\u00eblluar [&hellip;]<\/p>\n","protected":false},"author":2013,"featured_media":112509,"comment_status":"open","ping_status":"closed","sticky":false,"template":"","format":"standard","meta":{"footnotes":""},"categories":[241,235],"tags":[],"class_list":{"0":"post-112508","1":"post","2":"type-post","3":"status-publish","4":"format-standard","5":"has-post-thumbnail","7":"category-aktualitet","8":"category-vendi"},"_links":{"self":[{"href":"https:\/\/zjarr.tv\/en\/wp-json\/wp\/v2\/posts\/112508","targetHints":{"allow":["GET"]}}],"collection":[{"href":"https:\/\/zjarr.tv\/en\/wp-json\/wp\/v2\/posts"}],"about":[{"href":"https:\/\/zjarr.tv\/en\/wp-json\/wp\/v2\/types\/post"}],"author":[{"embeddable":true,"href":"https:\/\/zjarr.tv\/en\/wp-json\/wp\/v2\/users\/2013"}],"replies":[{"embeddable":true,"href":"https:\/\/zjarr.tv\/en\/wp-json\/wp\/v2\/comments?post=112508"}],"version-history":[{"count":0,"href":"https:\/\/zjarr.tv\/en\/wp-json\/wp\/v2\/posts\/112508\/revisions"}],"wp:featuredmedia":[{"embeddable":true,"href":"https:\/\/zjarr.tv\/en\/wp-json\/wp\/v2\/media\/112509"}],"wp:attachment":[{"href":"https:\/\/zjarr.tv\/en\/wp-json\/wp\/v2\/media?parent=112508"}],"wp:term":[{"taxonomy":"category","embeddable":true,"href":"https:\/\/zjarr.tv\/en\/wp-json\/wp\/v2\/categories?post=112508"},{"taxonomy":"post_tag","embeddable":true,"href":"https:\/\/zjarr.tv\/en\/wp-json\/wp\/v2\/tags?post=112508"}],"curies":[{"name":"wp","href":"https:\/\/api.w.org\/{rel}","templated":true}]}}