{"id":112563,"date":"2019-11-06T14:55:20","date_gmt":"2019-11-06T13:55:20","guid":{"rendered":"https:\/\/zjarr.tv\/?p=112563"},"modified":"2019-11-06T14:55:20","modified_gmt":"2019-11-06T13:55:20","slug":"ap-te-frenojme-gjuhen-e-urrejtjes-nga-zyrtaret-e-shtetit","status":"publish","type":"post","link":"https:\/\/zjarr.tv\/en\/ap-te-frenojme-gjuhen-e-urrejtjes-nga-zyrtaret-e-shtetit\/","title":{"rendered":"AP: T\u00eb frenojm\u00eb gjuh\u00ebn e urrejtjes nga zyrtar\u00ebt e shtetit"},"content":{"rendered":"<p>Avokatja e Popullit Erinda Ballanca ishte sot n\u00eb nj\u00eb takim t\u00eb organizuar n\u00eb Universitetin e Elbasanit me tem\u00eb \u201cLufta ndaj gjuh\u00ebs s\u00eb urrejtjes\u201d. AP njoftoi se n\u00eb fjal\u00ebn para audienc\u00ebs, Avokatja e Popullit b\u00ebri thirrje p\u00ebr hapa konkret\u00eb nga institucionet tona p\u00ebr t\u00eb frenuar qysh n\u00eb embrion shfaqjen e gjuh\u00ebs s\u00eb urrejtjes nga ana e zyrtar\u00ebve shtet\u00ebror\u00eb.<\/p>\n<p>\u201cDuhet s\u00eb bashku t\u00eb gjejm\u00eb mekanizmat p\u00ebr ta ndalur sa nuk \u00ebsht\u00eb von\u00eb k\u00ebt\u00eb invazion t\u00eb ngadalt\u00eb por t\u00eb d\u00ebmsh\u00ebm t\u00eb gjuh\u00ebs s\u00eb urrejtjes. Ky \u00ebsht\u00eb invazioni i s\u00eb keqes dhe frym\u00ebzuesi i saj. Ne nuk duhet t\u00eb lejojm\u00eb q\u00eb e keqja t\u00eb stabilizohet fillimisht si norm\u00eb gjuh\u00ebsore, e m\u00eb pas si normalitet sjelljeje\u201d, tha Avokatja e Popullit Erinda Ballanca.<\/p>\n<p>Takimi organizohej nga zyra e Komisionerit anti-diskriminim dhe n\u00eb t\u00eb merrnin pjes\u00eb an\u00ebtar\u00eb t\u00eb Kuvendit, institucionve kushtetuese si Avokati i Popullit, p\u00ebrfaq\u00ebsues nga K\u00ebshilli i Europ\u00ebs, Ambasada e Franc\u00ebs e t\u00eb tjer\u00eb t\u00eb ftuar t\u00eb nivelit\u00a0t\u00eb lart\u00eb.<\/p>","protected":false},"excerpt":{"rendered":"<p>Avokatja e Popullit Erinda Ballanca ishte sot n\u00eb nj\u00eb takim t\u00eb organizuar n\u00eb Universitetin e Elbasanit me tem\u00eb \u201cLufta ndaj gjuh\u00ebs s\u00eb urrejtjes\u201d. AP njoftoi se n\u00eb fjal\u00ebn para audienc\u00ebs, Avokatja e Popullit b\u00ebri thirrje p\u00ebr hapa konkret\u00eb nga institucionet tona p\u00ebr t\u00eb frenuar qysh n\u00eb embrion shfaqjen e gjuh\u00ebs s\u00eb urrejtjes nga ana e [&hellip;]<\/p>\n","protected":false},"author":2013,"featured_media":112564,"comment_status":"open","ping_status":"closed","sticky":false,"template":"","format":"standard","meta":{"footnotes":""},"categories":[241,235],"tags":[],"class_list":{"0":"post-112563","1":"post","2":"type-post","3":"status-publish","4":"format-standard","5":"has-post-thumbnail","7":"category-aktualitet","8":"category-vendi"},"_links":{"self":[{"href":"https:\/\/zjarr.tv\/en\/wp-json\/wp\/v2\/posts\/112563","targetHints":{"allow":["GET"]}}],"collection":[{"href":"https:\/\/zjarr.tv\/en\/wp-json\/wp\/v2\/posts"}],"about":[{"href":"https:\/\/zjarr.tv\/en\/wp-json\/wp\/v2\/types\/post"}],"author":[{"embeddable":true,"href":"https:\/\/zjarr.tv\/en\/wp-json\/wp\/v2\/users\/2013"}],"replies":[{"embeddable":true,"href":"https:\/\/zjarr.tv\/en\/wp-json\/wp\/v2\/comments?post=112563"}],"version-history":[{"count":0,"href":"https:\/\/zjarr.tv\/en\/wp-json\/wp\/v2\/posts\/112563\/revisions"}],"wp:featuredmedia":[{"embeddable":true,"href":"https:\/\/zjarr.tv\/en\/wp-json\/wp\/v2\/media\/112564"}],"wp:attachment":[{"href":"https:\/\/zjarr.tv\/en\/wp-json\/wp\/v2\/media?parent=112563"}],"wp:term":[{"taxonomy":"category","embeddable":true,"href":"https:\/\/zjarr.tv\/en\/wp-json\/wp\/v2\/categories?post=112563"},{"taxonomy":"post_tag","embeddable":true,"href":"https:\/\/zjarr.tv\/en\/wp-json\/wp\/v2\/tags?post=112563"}],"curies":[{"name":"wp","href":"https:\/\/api.w.org\/{rel}","templated":true}]}}