{"id":112607,"date":"2019-11-06T15:51:26","date_gmt":"2019-11-06T14:51:26","guid":{"rendered":"https:\/\/zjarr.tv\/?p=112607"},"modified":"2019-11-06T15:51:26","modified_gmt":"2019-11-06T14:51:26","slug":"zbardhet-axhenda-e-samitit-te-ohrit-per-shengenin-ballkanik-merr-pjese-dhe-rama","status":"publish","type":"post","link":"https:\/\/zjarr.tv\/en\/zbardhet-axhenda-e-samitit-te-ohrit-per-shengenin-ballkanik-merr-pjese-dhe-rama\/","title":{"rendered":"Zbardhet axhenda e samitit t\u00eb Ohrit p\u00ebr shengenin ballkanik, merr pjes\u00eb dhe Rama"},"content":{"rendered":"<p>Kryeministri Edi Rama do t\u00eb udh\u00ebtoj\u00eb n\u00eb Oh\u00ebr, ku do t\u00eb marr\u00eb pjes\u00eb n\u00eb samitin p\u00ebr Zbatimin e kat\u00ebr lirive t\u00eb Bashkimit Europian. M\u00ebsohet se kreu i qeveris\u00eb do t\u00eb jet\u00eb i pranish\u00ebm n\u00eb dark\u00ebn e shtruar me k\u00ebt\u00eb rast nga Presidenti Pendarovski.<\/p>\n<p>Nd\u00ebrkoh\u00eb, dit\u00ebn e diel do t\u00eb mbahet Samiti, i cili do t\u00eb pasohet nga konferenca p\u00ebr shtyp n\u00eb or\u00ebn 12.00.<\/p>\n<p>N\u00eb samit do t\u00eb jet\u00eb i pranish\u00ebm edhe Presidenti i Serbis\u00eb, Aleksand\u00ebr Vu\u00e7i\u00e7.<\/p>\n<p>Tre lider\u00ebt e Ballkanit Per\u00ebndimor kan\u00eb ngritur iden\u00eb e krijimit t\u00eb \u2018Shengenit t\u00eb Ballkanit\u2019.<\/p>","protected":false},"excerpt":{"rendered":"<p>Kryeministri Edi Rama do t\u00eb udh\u00ebtoj\u00eb n\u00eb Oh\u00ebr, ku do t\u00eb marr\u00eb pjes\u00eb n\u00eb samitin p\u00ebr Zbatimin e kat\u00ebr lirive t\u00eb Bashkimit Europian. M\u00ebsohet se kreu i qeveris\u00eb do t\u00eb jet\u00eb i pranish\u00ebm n\u00eb dark\u00ebn e shtruar me k\u00ebt\u00eb rast nga Presidenti Pendarovski. Nd\u00ebrkoh\u00eb, dit\u00ebn e diel do t\u00eb mbahet Samiti, i cili do t\u00eb [&hellip;]<\/p>\n","protected":false},"author":2013,"featured_media":112608,"comment_status":"open","ping_status":"closed","sticky":false,"template":"","format":"standard","meta":{"footnotes":""},"categories":[241,235],"tags":[],"class_list":{"0":"post-112607","1":"post","2":"type-post","3":"status-publish","4":"format-standard","5":"has-post-thumbnail","7":"category-aktualitet","8":"category-vendi"},"_links":{"self":[{"href":"https:\/\/zjarr.tv\/en\/wp-json\/wp\/v2\/posts\/112607","targetHints":{"allow":["GET"]}}],"collection":[{"href":"https:\/\/zjarr.tv\/en\/wp-json\/wp\/v2\/posts"}],"about":[{"href":"https:\/\/zjarr.tv\/en\/wp-json\/wp\/v2\/types\/post"}],"author":[{"embeddable":true,"href":"https:\/\/zjarr.tv\/en\/wp-json\/wp\/v2\/users\/2013"}],"replies":[{"embeddable":true,"href":"https:\/\/zjarr.tv\/en\/wp-json\/wp\/v2\/comments?post=112607"}],"version-history":[{"count":0,"href":"https:\/\/zjarr.tv\/en\/wp-json\/wp\/v2\/posts\/112607\/revisions"}],"wp:featuredmedia":[{"embeddable":true,"href":"https:\/\/zjarr.tv\/en\/wp-json\/wp\/v2\/media\/112608"}],"wp:attachment":[{"href":"https:\/\/zjarr.tv\/en\/wp-json\/wp\/v2\/media?parent=112607"}],"wp:term":[{"taxonomy":"category","embeddable":true,"href":"https:\/\/zjarr.tv\/en\/wp-json\/wp\/v2\/categories?post=112607"},{"taxonomy":"post_tag","embeddable":true,"href":"https:\/\/zjarr.tv\/en\/wp-json\/wp\/v2\/tags?post=112607"}],"curies":[{"name":"wp","href":"https:\/\/api.w.org\/{rel}","templated":true}]}}