{"id":113168,"date":"2019-11-10T16:24:41","date_gmt":"2019-11-10T15:24:41","guid":{"rendered":"https:\/\/zjarr.tv\/?p=113168"},"modified":"2019-11-10T16:24:41","modified_gmt":"2019-11-10T15:24:41","slug":"kellici-negociatat-nuk-u-hapen-shkaktare-jane-qeveria-e-kapur-ne-vjedhje-votash","status":"publish","type":"post","link":"https:\/\/zjarr.tv\/en\/kellici-negociatat-nuk-u-hapen-shkaktare-jane-qeveria-e-kapur-ne-vjedhje-votash\/","title":{"rendered":"K\u00eblli\u00e7i: Negociatat nuk u hap\u00ebn, shkaktar\u00eb jan\u00eb qeveria e kapur n\u00eb vjedhje votash"},"content":{"rendered":"<p>Kreu i FRPD Blendi K\u00eblli\u00e7i ka reaguar lidhur me vendimin e BE p\u00ebr mos hapjen e negocjatave.<\/p>\n<div id=\"rekl-4\">\n<div id=\"__sap-ad-14\" class=\"__sap-ads __sap-html tracked\" data-title=\"Credins MOBILE\"><ins><\/p>\n<div id=\"beacon_cf57caa481\"><img loading=\"lazy\" decoding=\"async\" src=\"https:\/\/ads1.medium.al\/www\/delivery\/lg.php?bannerid=355&amp;campaignid=48&amp;zoneid=164&amp;loc=https%3A%2F%2Fwww.syri.net%2Fpolitike%2F261377%2Fkellici-negociatat-nuk-u-hapen-shkaktare-jane-qeveria-e-kapur-ne-vjedhje-votash%2F&amp;referer=https%3A%2F%2Fwww.syri.net%2Fpolitike%2F&amp;cb=cf57caa481\" alt=\"\" width=\"0\" height=\"0\" \/><\/div>\n<p><\/ins><\/div>\n<\/div>\n<p>Nje dite e zeze per Shqiperine!<\/p>\n<p>Negociatat nuk u hapen serish. Ka vetem nje fajtor per kete, krimi dhe korrupsioni qeveritar!<\/p>\n<p>Kriminelet e kapur ne blerje votash si Gjiknuri, Dako, Ndreu etj dhe pastruesit e parave te krimit e vrasesi i Ardit Gjoklajt, Erion Veliaj sot enden te lire rrugeve te Tiranes dhe shijojne pasurite e tyre prej sheikesh nderkohe qe per faj te tyre Shqiperia rrezikon izolimin total.<\/p>\n<p>Shqiperia sot eshte peng i Edi Rames, Erion Veliajt dhe drejtesise se kapur. Erion Veliaj vjen verdalle me propaganden e tij duke perdorur dhe djalin e tij, nderkohe qe ka hapur nje plage te madhe ne zemren e nenes se Ardit Gjoklajt nga babezia e tij qe nuk njeh kufij. Ne nuk do ta harrojme dhe s\u2019do kete paqe, pa cuar ne vend drejtesine per Arditin.<\/p>\n<p>Asnje prokuror i blere me parate e krimit apo i shperblyer me toke publike, sic Veliaj po tenton te beje me aferen Fusha, nuk do ta mbylle dot dosjen e Arditit. Me 21 qershor te gjithe se bashku, per ti hapur rrugen #ShqiperisesiEuropa<\/p>\n<p>Te behemi bashke per ti mbyllur dyert njehere e mire krimit, korrupsionit dhe shirblerjes se votes.<\/p>","protected":false},"excerpt":{"rendered":"<p>Kreu i FRPD Blendi K\u00eblli\u00e7i ka reaguar lidhur me vendimin e BE p\u00ebr mos hapjen e negocjatave. Nje dite e zeze per Shqiperine! Negociatat nuk u hapen serish. Ka vetem nje fajtor per kete, krimi dhe korrupsioni qeveritar! Kriminelet e kapur ne blerje votash si Gjiknuri, Dako, Ndreu etj dhe pastruesit e parave te krimit [&hellip;]<\/p>\n","protected":false},"author":2013,"featured_media":109885,"comment_status":"open","ping_status":"closed","sticky":false,"template":"","format":"standard","meta":{"footnotes":""},"categories":[241,235],"tags":[],"class_list":{"0":"post-113168","1":"post","2":"type-post","3":"status-publish","4":"format-standard","5":"has-post-thumbnail","7":"category-aktualitet","8":"category-vendi"},"_links":{"self":[{"href":"https:\/\/zjarr.tv\/en\/wp-json\/wp\/v2\/posts\/113168","targetHints":{"allow":["GET"]}}],"collection":[{"href":"https:\/\/zjarr.tv\/en\/wp-json\/wp\/v2\/posts"}],"about":[{"href":"https:\/\/zjarr.tv\/en\/wp-json\/wp\/v2\/types\/post"}],"author":[{"embeddable":true,"href":"https:\/\/zjarr.tv\/en\/wp-json\/wp\/v2\/users\/2013"}],"replies":[{"embeddable":true,"href":"https:\/\/zjarr.tv\/en\/wp-json\/wp\/v2\/comments?post=113168"}],"version-history":[{"count":0,"href":"https:\/\/zjarr.tv\/en\/wp-json\/wp\/v2\/posts\/113168\/revisions"}],"wp:featuredmedia":[{"embeddable":true,"href":"https:\/\/zjarr.tv\/en\/wp-json\/wp\/v2\/media\/109885"}],"wp:attachment":[{"href":"https:\/\/zjarr.tv\/en\/wp-json\/wp\/v2\/media?parent=113168"}],"wp:term":[{"taxonomy":"category","embeddable":true,"href":"https:\/\/zjarr.tv\/en\/wp-json\/wp\/v2\/categories?post=113168"},{"taxonomy":"post_tag","embeddable":true,"href":"https:\/\/zjarr.tv\/en\/wp-json\/wp\/v2\/tags?post=113168"}],"curies":[{"name":"wp","href":"https:\/\/api.w.org\/{rel}","templated":true}]}}