{"id":114045,"date":"2019-11-16T19:40:33","date_gmt":"2019-11-16T18:40:33","guid":{"rendered":"https:\/\/zjarr.tv\/?p=114045"},"modified":"2019-11-16T13:22:24","modified_gmt":"2019-11-16T12:22:24","slug":"buxheti-i-be-per-2020-ne-ngerc","status":"publish","type":"post","link":"https:\/\/zjarr.tv\/en\/buxheti-i-be-per-2020-ne-ngerc\/","title":{"rendered":"Buxheti i BE p\u00ebr 2020 n\u00eb ng\u00ebr\u00e7"},"content":{"rendered":"<p>Parlamenti dhe K\u00ebshilli Europian nuk kan\u00eb arritur marr\u00ebveshje p\u00ebr buxhetin e BE-s\u00eb p\u00ebr vitin 2020.<\/p>\n<p>Negociatave u \u00ebsht\u00eb l\u00ebn\u00eb koh\u00eb deri mesnat\u00ebn e s\u00eb h\u00ebn\u00ebn p\u00ebr arsye t\u00eb kontradiktave mbi shpenzimet.<\/p>\n<p>Kryetari bleg i komisionit t\u00eb buxhetit, Johan Van Overtveldt, deklaron se mbeten disa miliard\u00eb euro t\u00eb pashfryt\u00ebzuara.<\/p>\n<p><em>&#8220;Duhet t\u00eb reflektojm\u00eb si t&#8217;i p\u00ebrdorim sa m\u00eb mir\u00eb p\u00ebr shum\u00eb nga sfidat q\u00eb na duam t\u00eb adresojm\u00eb. Besojm\u00eb se pas pushimit t\u00eb fundjav\u00ebs do t\u00eb gjejm\u00eb kompromis,&#8221;-<\/em>tha ai.<\/p>\n<p>Ng\u00ebr\u00e7i rreth shteteve an\u00ebtare dhe ligjv\u00ebn\u00ebsve europian\u00eb lidhet me vler\u00ebn e financimeve.<\/p>\n<p>K\u00ebshilli Europian ofron deri 153 miliard\u00eb euro dhe do q\u00eb nj\u00eb pjes\u00eb e buxhetit t\u00eb mbuloj\u00eb kostot p\u00ebr rrethanat e paparashikuara, si\u00e7 jan\u00eb dalja e Britanis\u00eb nga BE-ja apo ndihmat financiare q\u00eb do i sigurohen Turqis\u00eb p\u00ebr kriz\u00ebn e refugjat\u00ebve.<\/p>\n<p>P\u00ebr vitin tjet\u00ebr, parlamentar\u00ebt e BE-s\u00eb k\u00ebrkojn\u00eb nj\u00eb plan financiar ambicioz me vler\u00eb 159 miliard\u00eb euro p\u00ebr adresimin e ndryshimeve klimatike, vendet e reja t\u00eb pun\u00ebs apo p\u00ebr programet rinore.<\/p>\n<p>Pal\u00ebt do t\u00eb tentojn\u00eb t\u00eb gjejn\u00eb zgjidhje deri m\u00eb 18 n\u00ebntor, p\u00ebrndryshe Komisioni Europian do t\u00eb dor\u00ebzoj\u00eb nj\u00eb projektbuxhet t\u00eb ri q\u00eb do duhet shqyrtuar p\u00ebrs\u00ebri gjat\u00eb 2 jav\u00ebve t\u00eb ardhshme.<\/p>","protected":false},"excerpt":{"rendered":"<p>Parlamenti dhe K\u00ebshilli Europian nuk kan\u00eb arritur marr\u00ebveshje p\u00ebr buxhetin e BE-s\u00eb p\u00ebr vitin 2020. Negociatave u \u00ebsht\u00eb l\u00ebn\u00eb koh\u00eb deri mesnat\u00ebn e s\u00eb h\u00ebn\u00ebn p\u00ebr arsye t\u00eb kontradiktave mbi shpenzimet. Kryetari bleg i komisionit t\u00eb buxhetit, Johan Van Overtveldt, deklaron se mbeten disa miliard\u00eb euro t\u00eb pashfryt\u00ebzuara. &#8220;Duhet t\u00eb reflektojm\u00eb si t&#8217;i p\u00ebrdorim sa [&hellip;]<\/p>\n","protected":false},"author":2013,"featured_media":114046,"comment_status":"open","ping_status":"closed","sticky":false,"template":"","format":"standard","meta":{"footnotes":""},"categories":[241,191],"tags":[],"class_list":{"0":"post-114045","1":"post","2":"type-post","3":"status-publish","4":"format-standard","5":"has-post-thumbnail","7":"category-aktualitet","8":"category-bota"},"_links":{"self":[{"href":"https:\/\/zjarr.tv\/en\/wp-json\/wp\/v2\/posts\/114045","targetHints":{"allow":["GET"]}}],"collection":[{"href":"https:\/\/zjarr.tv\/en\/wp-json\/wp\/v2\/posts"}],"about":[{"href":"https:\/\/zjarr.tv\/en\/wp-json\/wp\/v2\/types\/post"}],"author":[{"embeddable":true,"href":"https:\/\/zjarr.tv\/en\/wp-json\/wp\/v2\/users\/2013"}],"replies":[{"embeddable":true,"href":"https:\/\/zjarr.tv\/en\/wp-json\/wp\/v2\/comments?post=114045"}],"version-history":[{"count":0,"href":"https:\/\/zjarr.tv\/en\/wp-json\/wp\/v2\/posts\/114045\/revisions"}],"wp:featuredmedia":[{"embeddable":true,"href":"https:\/\/zjarr.tv\/en\/wp-json\/wp\/v2\/media\/114046"}],"wp:attachment":[{"href":"https:\/\/zjarr.tv\/en\/wp-json\/wp\/v2\/media?parent=114045"}],"wp:term":[{"taxonomy":"category","embeddable":true,"href":"https:\/\/zjarr.tv\/en\/wp-json\/wp\/v2\/categories?post=114045"},{"taxonomy":"post_tag","embeddable":true,"href":"https:\/\/zjarr.tv\/en\/wp-json\/wp\/v2\/tags?post=114045"}],"curies":[{"name":"wp","href":"https:\/\/api.w.org\/{rel}","templated":true}]}}