{"id":114080,"date":"2019-11-16T21:31:31","date_gmt":"2019-11-16T20:31:31","guid":{"rendered":"https:\/\/zjarr.tv\/?p=114080"},"modified":"2019-11-16T13:32:02","modified_gmt":"2019-11-16T12:32:02","slug":"franca-rikonfirmon-mbeshtetjen-per-perspektiven-europiane-te-vendeve-te-ballkanit-perendimor","status":"publish","type":"post","link":"https:\/\/zjarr.tv\/en\/franca-rikonfirmon-mbeshtetjen-per-perspektiven-europiane-te-vendeve-te-ballkanit-perendimor\/","title":{"rendered":"Franca rikonfirmon mb\u00ebshtetjen p\u00ebr perspektiv\u00ebn europiane t\u00eb vendeve t\u00eb Ballkanit Per\u00ebndimor"},"content":{"rendered":"<p>Franca iu d\u00ebrgoi vendeve an\u00ebtare t\u00eb Bashkimit Europian nj\u00eb dokument ku u propozon nj\u00eb \u201cqasje t\u00eb rinovuar\u201d n\u00eb procesin e zgjerimit vendeve t\u00eb Ballkanit Per\u00ebndimor.<\/p>\n<p>Gjithashtu n\u00eb k\u00ebt\u00eb propozim i k\u00ebrkohet Komisionit Europian q\u00eb deri n\u00eb janar t\u00eb vitit 2020 t\u00eb publikoj\u00eb nj\u00eb metodologji t\u00eb re n\u00eb procesin e an\u00ebtar\u00ebsimit, q\u00eb do t\u00eb zbatohet gjat\u00eb fillimit t\u00eb negociatave p\u00ebr an\u00ebtar\u00ebsim me vendet kandidate.<\/p>\n<p>N\u00eb k\u00ebt\u00eb dokument, t\u00eb siguruar nga \u201cRadio Evropa e Lir\u00eb\u201d Parisi rikonfirmon mb\u00ebshtetjen e qart\u00eb t\u00eb perspektiv\u00ebs europiane t\u00eb vendeve t\u00eb Ballkanit Per\u00ebndimor dhe vler\u00ebson se i gjith\u00eb rajoni i p\u00ebrket Europ\u00ebs p\u00ebr nga historia, kultura dhe gjeografia e tyre.<\/p>\n<div id=\"pa_1x1_psbk_1573907504074\"><\/div>\n<p>\u201cLidhjet m\u00eb t\u00eb af\u00ebrta me Bashkimin Europian jan\u00eb m\u00ebnyra e vetme q\u00eb k\u00ebto vende t\u00eb konsolidohen, n\u00eb baz\u00eb t\u00eb sundimit t\u00eb s\u00eb drejt\u00ebs dhe shoq\u00ebrive t\u00eb hapura pluraliste, t\u00eb cilat merren me zhvillimin e tyre ekonomik dhe social\u201d, thuhet n\u00eb dokumentin francez.<\/p>\n<p>Sipas Franc\u00ebs, qasja e till\u00eb rip\u00ebrt\u00ebrit\u00ebse do t\u00eb duhej t\u00eb bazohej n\u00eb kat\u00ebr parime: P\u00ebrcjellje graduale, kushte m\u00eb t\u00eb rrepta, p\u00ebrfitim m\u00eb konkret dhe kthyeshm\u00ebri.<\/p>\n<p>\u201cPas hapjes s\u00eb negociatave, procesi i integrimit nuk do t\u00eb bazohet m\u00eb n\u00eb hapjen e kapitujve t\u00eb m\u00ebdhenj tematik, por n\u00eb disa faza t\u00eb nj\u00ebpasnj\u00ebshme, t\u00eb cilat do t\u00eb formojn\u00eb blloqe koherente t\u00eb politikave dhe skem\u00eb t\u00eb vendosur nga BE-ja, duke i marr\u00eb parasysh karakteristikat specifike t\u00eb secilit kandidat, ku \u00ebsht\u00eb e nevojshme\u201d, thuhet n\u00eb k\u00ebt\u00eb dokument.<\/p>","protected":false},"excerpt":{"rendered":"<p>Franca iu d\u00ebrgoi vendeve an\u00ebtare t\u00eb Bashkimit Europian nj\u00eb dokument ku u propozon nj\u00eb \u201cqasje t\u00eb rinovuar\u201d n\u00eb procesin e zgjerimit vendeve t\u00eb Ballkanit Per\u00ebndimor. Gjithashtu n\u00eb k\u00ebt\u00eb propozim i k\u00ebrkohet Komisionit Europian q\u00eb deri n\u00eb janar t\u00eb vitit 2020 t\u00eb publikoj\u00eb nj\u00eb metodologji t\u00eb re n\u00eb procesin e an\u00ebtar\u00ebsimit, q\u00eb do t\u00eb zbatohet gjat\u00eb [&hellip;]<\/p>\n","protected":false},"author":2013,"featured_media":114081,"comment_status":"open","ping_status":"closed","sticky":false,"template":"","format":"standard","meta":{"footnotes":""},"categories":[241,191],"tags":[],"class_list":{"0":"post-114080","1":"post","2":"type-post","3":"status-publish","4":"format-standard","5":"has-post-thumbnail","7":"category-aktualitet","8":"category-bota"},"_links":{"self":[{"href":"https:\/\/zjarr.tv\/en\/wp-json\/wp\/v2\/posts\/114080","targetHints":{"allow":["GET"]}}],"collection":[{"href":"https:\/\/zjarr.tv\/en\/wp-json\/wp\/v2\/posts"}],"about":[{"href":"https:\/\/zjarr.tv\/en\/wp-json\/wp\/v2\/types\/post"}],"author":[{"embeddable":true,"href":"https:\/\/zjarr.tv\/en\/wp-json\/wp\/v2\/users\/2013"}],"replies":[{"embeddable":true,"href":"https:\/\/zjarr.tv\/en\/wp-json\/wp\/v2\/comments?post=114080"}],"version-history":[{"count":0,"href":"https:\/\/zjarr.tv\/en\/wp-json\/wp\/v2\/posts\/114080\/revisions"}],"wp:featuredmedia":[{"embeddable":true,"href":"https:\/\/zjarr.tv\/en\/wp-json\/wp\/v2\/media\/114081"}],"wp:attachment":[{"href":"https:\/\/zjarr.tv\/en\/wp-json\/wp\/v2\/media?parent=114080"}],"wp:term":[{"taxonomy":"category","embeddable":true,"href":"https:\/\/zjarr.tv\/en\/wp-json\/wp\/v2\/categories?post=114080"},{"taxonomy":"post_tag","embeddable":true,"href":"https:\/\/zjarr.tv\/en\/wp-json\/wp\/v2\/tags?post=114080"}],"curies":[{"name":"wp","href":"https:\/\/api.w.org\/{rel}","templated":true}]}}