{"id":114083,"date":"2019-11-16T21:40:17","date_gmt":"2019-11-16T20:40:17","guid":{"rendered":"https:\/\/zjarr.tv\/?p=114083"},"modified":"2019-11-16T13:32:46","modified_gmt":"2019-11-16T12:32:46","slug":"ish-keshilltari-dhe-miku-i-trump-shpallet-fajtor-ne-gjykaten-federale-ne-uashington","status":"publish","type":"post","link":"https:\/\/zjarr.tv\/en\/ish-keshilltari-dhe-miku-i-trump-shpallet-fajtor-ne-gjykaten-federale-ne-uashington\/","title":{"rendered":"Ish-k\u00ebshilltari dhe miku i Trump shpallet fajtor n\u00eb gjykat\u00ebn federale n\u00eb Uashington"},"content":{"rendered":"<p>Roger Stone, nj\u00eb mik dhe aleat i hersh\u00ebm i Presidentit Donald Trump, u shpall sot fajtor nga gjykata federale n\u00eb Uashington. Stone, konsulent politik amerikan i hersh\u00ebm dhe ish-k\u00ebshilltar i Trump, \u00ebsht\u00eb d\u00ebnuar p\u00ebr t\u00eb 7 akuzat q\u00eb ishin ngritur ndaj tij, n\u00eb kuad\u00ebr t\u00eb hetimit t\u00eb prokurorit speciale Robert Mueller, mbi nd\u00ebrhyrjet ruse n\u00eb politik\u00ebn amerikane.<\/p>\n<div id=\"sovrn\" class=\"desktop_ad ad_bottom_space\"><ins><\/ins><\/p>\n<div id=\"onetag-wrapper-3\" class=\"sovrn-onetag-ad\"><\/div>\n<\/div>\n<p>Vendimi p\u00ebr zotin Stone u dha n\u00eb \u00e7\u00ebshtjen gjyq\u00ebsore gjat\u00eb s\u00eb cil\u00ebs i ishin paraqitur shtat\u00eb akuza. Ai akuzohej se i g\u00ebnjeu ligjv\u00ebn\u00ebsit amerikan\u00eb p\u00ebr \u00e7\u00ebshtjen e WikiLeaks, se p\u00ebrpunoi d\u00ebshmitar\u00ebt dhe se pengoi nj\u00eb proces hetimor t\u00eb Komisionit t\u00eb Zbulimit t\u00eb Dhom\u00ebs s\u00eb P\u00ebrfaq\u00ebsuesve.<\/p>\n<p>Gjat\u00eb gjyqit t\u00eb tij doli n\u00eb pah se si bashk\u00ebpun\u00ebtor\u00ebt e fushat\u00ebs elektorale Trump d\u00ebshironin t\u00eb merrnin informacion p\u00ebr emaile-t e vjedhura q\u00eb d\u00ebmtonin kandidaten Hillary Clinton, t\u00eb publikuara nga faqja n\u00eb internet WikiLeaks.<\/p>\n<p>Prokuror\u00ebt than\u00eb se zoti Stone g\u00ebnjeu p\u00ebrpara Kongresit p\u00ebr shk\u00ebmbimet e tij me WikiLeaks me drejtuesin e nj\u00eb emisioni radioeje n\u00eb Nju Jork, Randy Credico, si dhe me shkrimtarin konservator dhe teoricienin konspirativ, Jerome Corsi.<\/p>\n<p>Ai u akuzua gjithashtu se u p\u00ebrpoq ta frik\u00ebsonte zotin Credico dhe se madje e kishte k\u00ebrc\u00ebnuar se do t\u2019i merrte qenin. Zoti Stone i pati mohuar akuzat dhe e pati denoncuar \u00e7\u00ebshtjen si t\u00eb motivuar politikisht.<\/p>","protected":false},"excerpt":{"rendered":"<p>Roger Stone, nj\u00eb mik dhe aleat i hersh\u00ebm i Presidentit Donald Trump, u shpall sot fajtor nga gjykata federale n\u00eb Uashington. Stone, konsulent politik amerikan i hersh\u00ebm dhe ish-k\u00ebshilltar i Trump, \u00ebsht\u00eb d\u00ebnuar p\u00ebr t\u00eb 7 akuzat q\u00eb ishin ngritur ndaj tij, n\u00eb kuad\u00ebr t\u00eb hetimit t\u00eb prokurorit speciale Robert Mueller, mbi nd\u00ebrhyrjet ruse n\u00eb [&hellip;]<\/p>\n","protected":false},"author":2013,"featured_media":114084,"comment_status":"open","ping_status":"closed","sticky":false,"template":"","format":"standard","meta":{"footnotes":""},"categories":[241,191],"tags":[],"class_list":{"0":"post-114083","1":"post","2":"type-post","3":"status-publish","4":"format-standard","5":"has-post-thumbnail","7":"category-aktualitet","8":"category-bota"},"_links":{"self":[{"href":"https:\/\/zjarr.tv\/en\/wp-json\/wp\/v2\/posts\/114083","targetHints":{"allow":["GET"]}}],"collection":[{"href":"https:\/\/zjarr.tv\/en\/wp-json\/wp\/v2\/posts"}],"about":[{"href":"https:\/\/zjarr.tv\/en\/wp-json\/wp\/v2\/types\/post"}],"author":[{"embeddable":true,"href":"https:\/\/zjarr.tv\/en\/wp-json\/wp\/v2\/users\/2013"}],"replies":[{"embeddable":true,"href":"https:\/\/zjarr.tv\/en\/wp-json\/wp\/v2\/comments?post=114083"}],"version-history":[{"count":0,"href":"https:\/\/zjarr.tv\/en\/wp-json\/wp\/v2\/posts\/114083\/revisions"}],"wp:featuredmedia":[{"embeddable":true,"href":"https:\/\/zjarr.tv\/en\/wp-json\/wp\/v2\/media\/114084"}],"wp:attachment":[{"href":"https:\/\/zjarr.tv\/en\/wp-json\/wp\/v2\/media?parent=114083"}],"wp:term":[{"taxonomy":"category","embeddable":true,"href":"https:\/\/zjarr.tv\/en\/wp-json\/wp\/v2\/categories?post=114083"},{"taxonomy":"post_tag","embeddable":true,"href":"https:\/\/zjarr.tv\/en\/wp-json\/wp\/v2\/tags?post=114083"}],"curies":[{"name":"wp","href":"https:\/\/api.w.org\/{rel}","templated":true}]}}