{"id":114086,"date":"2019-11-16T21:50:03","date_gmt":"2019-11-16T20:50:03","guid":{"rendered":"https:\/\/zjarr.tv\/?p=114086"},"modified":"2019-11-16T13:33:31","modified_gmt":"2019-11-16T12:33:31","slug":"konflikti-ne-siri-makron-e-merkel-shtojne-perpjekjet-per-ta-zgjidhur-ate","status":"publish","type":"post","link":"https:\/\/zjarr.tv\/en\/konflikti-ne-siri-makron-e-merkel-shtojne-perpjekjet-per-ta-zgjidhur-ate\/","title":{"rendered":"Konflikti n\u00eb Siri\/ Makron e Merkel shtojn\u00eb p\u00ebrpjekjet p\u00ebr ta zgjidhur at\u00eb"},"content":{"rendered":"<p>Parisi do t\u00eb jet\u00eb nikoqir i nj\u00eb samiti, q\u00eb ka p\u00ebr synim t\u00eb p\u00ebrfundoj\u00eb konfliktin n\u00eb Ukrain\u00ebn lindore. Njoftimi \u00ebsht\u00eb b\u00ebr\u00eb nga presidenca franceze, pas disa muajsh t\u00eb p\u00ebrpjekjeve diplomatike, p\u00ebr t\u2019i b\u00ebr\u00eb t\u00eb gjitha pal\u00ebt t\u00eb bien dakord mbi bisedimet e reja, q\u00eb pritet t\u00eb mbahen m\u00eb 9 dhjetor.<\/p>\n<div id=\"sovrn\" class=\"desktop_ad ad_bottom_space\"><\/div>\n<p>N\u00eb takim do t\u00eb jen\u00eb t\u00eb pranish\u00ebm presidentin rus, Vladimir Putin dhe homologu i tij ukrainas, Volodymyr Zelenskiy. Ky pritet t\u00eb jet\u00eb takimi i par\u00eb ball\u00eb p\u00ebr ball\u00eb i dy lider\u00ebve, njoftoi presidenca franceze.<\/p>\n<p>T\u00eb dy udh\u00ebheq\u00ebsit do t\u00eb b\u00ebhen bashk\u00eb me presidentin francez Emmanuel Macron dhe kancelaren gjermane Angela Merkel n\u00eb bisedimet e para t\u00eb tilla, t\u00eb njohura si Formati i Normandis\u00eb, pas nj\u00eb periudhe tre vje\u00e7are.<\/p>\n<p>Zyra e Zelenskiy konfirmoi dat\u00ebn e samitit, por ende nuk ka ndonj\u00eb koment nga Kremlin. Luftimet midis forcave t\u00eb armatosura ukrainase dhe separatist\u00ebve t\u00eb mb\u00ebshtetur nga Rusia, kan\u00eb l\u00ebn\u00eb t\u00eb vrar\u00eb m\u00eb shum\u00eb se 13.000 njer\u00ebz, n\u00eb rajonin lindor t\u00eb Luhansk dhe Donetsk q\u00eb nga prilli i vitit 2014, shkruan Rel.<\/p>\n<div id=\"videoad\"><\/div>\n<div id=\"pa_1x1_psbk_1573907595125\"><\/div>\n<p>Zyra e Macronit tha q\u00eb \u00ebsht\u00eb koha p\u00ebr nj\u00eb samit t\u00eb ri p\u00ebr shkak t\u00eb \u201cp\u00ebrparimit t\u00eb madh\u201d q\u00eb nga vera, p\u00ebrfshir\u00eb t\u00ebrheqjet e trupave nga zonat kryesore t\u00eb konfliktit. Gjithashtu, n\u00eb shtator, Rusia dhe Ukraina shk\u00ebmbyen 70 t\u00eb burgosur.<\/p>\n<p>Takimi \u201cdo t\u00eb lejoj\u00eb nd\u00ebrmarrjen e hapave t\u00eb rinj\u00eb p\u00ebr zbatimin e marr\u00ebveshjeve t\u00eb Minskut\u201d q\u00eb synojn\u00eb t\u2019i japin fund luftimeve n\u00eb Ukrain\u00ebn lindore.<\/p>\n<p>Masat p\u00ebr ndalimin e luftimeve, si pjes\u00eb e marr\u00ebveshjeve t\u00eb Minskut, t\u00eb sponsorizuara nga Franca dhe Gjermania, dhe t\u00eb n\u00ebnshkruara n\u00eb kryeqytetin Bjellorusi n\u00eb shtator t\u00eb vitit 2014 dhe shkurt t\u00eb vitit 2015, kan\u00eb kontribuar n\u00eb nj\u00eb ulje t\u00eb luftimeve n\u00eb Lindjen e Ukrain\u00ebs, por pal\u00ebt nuk kan\u00eb arritur t\u2019iu p\u00ebrmbahen.<\/p>\n<p>Udh\u00ebheq\u00ebsit e Rusis\u00eb, Ukrain\u00ebs, Franc\u00ebs dhe Gjermanis\u00eb s\u00eb pari u takuan n\u00eb Normandi m\u00eb 2014 dhe u takuan p\u00ebr her\u00eb t\u00eb fundit n\u00eb k\u00ebt\u00eb format n\u00eb tetor t\u00eb vitit 2016, megjith\u00ebse diskutimet kan\u00eb vazhduar n\u00eb nj\u00eb nivel m\u00eb t\u00eb ul\u00ebt.<\/p>","protected":false},"excerpt":{"rendered":"<p>Parisi do t\u00eb jet\u00eb nikoqir i nj\u00eb samiti, q\u00eb ka p\u00ebr synim t\u00eb p\u00ebrfundoj\u00eb konfliktin n\u00eb Ukrain\u00ebn lindore. Njoftimi \u00ebsht\u00eb b\u00ebr\u00eb nga presidenca franceze, pas disa muajsh t\u00eb p\u00ebrpjekjeve diplomatike, p\u00ebr t\u2019i b\u00ebr\u00eb t\u00eb gjitha pal\u00ebt t\u00eb bien dakord mbi bisedimet e reja, q\u00eb pritet t\u00eb mbahen m\u00eb 9 dhjetor. N\u00eb takim do t\u00eb jen\u00eb [&hellip;]<\/p>\n","protected":false},"author":2013,"featured_media":114087,"comment_status":"open","ping_status":"closed","sticky":false,"template":"","format":"standard","meta":{"footnotes":""},"categories":[241,191],"tags":[],"class_list":{"0":"post-114086","1":"post","2":"type-post","3":"status-publish","4":"format-standard","5":"has-post-thumbnail","7":"category-aktualitet","8":"category-bota"},"_links":{"self":[{"href":"https:\/\/zjarr.tv\/en\/wp-json\/wp\/v2\/posts\/114086","targetHints":{"allow":["GET"]}}],"collection":[{"href":"https:\/\/zjarr.tv\/en\/wp-json\/wp\/v2\/posts"}],"about":[{"href":"https:\/\/zjarr.tv\/en\/wp-json\/wp\/v2\/types\/post"}],"author":[{"embeddable":true,"href":"https:\/\/zjarr.tv\/en\/wp-json\/wp\/v2\/users\/2013"}],"replies":[{"embeddable":true,"href":"https:\/\/zjarr.tv\/en\/wp-json\/wp\/v2\/comments?post=114086"}],"version-history":[{"count":0,"href":"https:\/\/zjarr.tv\/en\/wp-json\/wp\/v2\/posts\/114086\/revisions"}],"wp:featuredmedia":[{"embeddable":true,"href":"https:\/\/zjarr.tv\/en\/wp-json\/wp\/v2\/media\/114087"}],"wp:attachment":[{"href":"https:\/\/zjarr.tv\/en\/wp-json\/wp\/v2\/media?parent=114086"}],"wp:term":[{"taxonomy":"category","embeddable":true,"href":"https:\/\/zjarr.tv\/en\/wp-json\/wp\/v2\/categories?post=114086"},{"taxonomy":"post_tag","embeddable":true,"href":"https:\/\/zjarr.tv\/en\/wp-json\/wp\/v2\/tags?post=114086"}],"curies":[{"name":"wp","href":"https:\/\/api.w.org\/{rel}","templated":true}]}}