{"id":114089,"date":"2019-11-16T22:00:57","date_gmt":"2019-11-16T21:00:57","guid":{"rendered":"https:\/\/zjarr.tv\/?p=114089"},"modified":"2019-11-16T13:34:28","modified_gmt":"2019-11-16T12:34:28","slug":"turqia-debon-afer-50-000-migrante-nga-stambolli","status":"publish","type":"post","link":"https:\/\/zjarr.tv\/en\/turqia-debon-afer-50-000-migrante-nga-stambolli\/","title":{"rendered":"Turqia d\u00ebbon af\u00ebr 50 000 migrant\u00eb nga Stambolli"},"content":{"rendered":"<p>Turqia tha se kishte d\u00ebbuar af\u00ebr 50.000 migrant\u00eb nga Stambolli, p\u00ebrfshir\u00eb m\u00eb shum\u00eb se 6,000 sirian\u00eb, q\u00eb nga fillimi i nj\u00eb fushate kund\u00ebr migracionit t\u00eb paligjsh\u00ebm.<\/p>\n<div id=\"sovrn\" class=\"desktop_ad ad_bottom_space\"><\/div>\n<p>Zyra e guvernatorit t\u00eb Stambollit tha se 42.888 migrant\u00eb \u201ct\u00eb paligjsh\u00ebm\u201d ishin arrestuar dhe d\u00ebrguar n\u00eb qendrat e riatdhesimit, me q\u00ebllim, largimin e tyre nga Turqia. N\u00eb njoftim nuk u b\u00eb e ditur komb\u00ebsia e tyre.<\/p>\n<p>Mir\u00ebpo raportohet se 6.416 sirian\u00eb ishin vendosur n\u00eb \u201cqendra t\u00eb p\u00ebrkohshme strehimi\u201d.<\/p>\n<p>Fushata e autoriteteve turke kishte p\u00ebr q\u00ebllim zvog\u00eblimin e numrit t\u00eb refugjat\u00ebve t\u00eb paregjistruar n\u00eb Stamboll, q\u00eb njihet si qend\u00ebr ekonomike dhe qyteti m\u00eb i madh i Turqis\u00eb.<\/p>\n<p>N\u00eb Turqi jan\u00eb rreth 3.6 milion refugjat\u00eb sirian\u00eb, megjith\u00ebse teknikisht ata jan\u00eb vet\u00ebm n\u00ebn \u201cmbrojtje t\u00eb p\u00ebrkohshme\u201d, sepse qeveria nuk u ofron atyre statusin e refugjatit zyrtar.<\/p>\n<p>Sipas rregullave, ata duhet t\u00eb q\u00ebndrojn\u00eb n\u00eb provinc\u00ebn n\u00eb t\u00eb cil\u00ebn u \u00ebsht\u00eb caktuar, dhe mund t\u00eb vizitojn\u00eb qytete t\u00eb tjera vet\u00ebm me afate t\u00eb shkurt\u00ebra, raporton AFP.<\/p>\n<p>Zyrtar\u00ebt than\u00eb n\u00eb korrik se 547,000 sirian\u00eb ishin regjistruar zyrtarisht n\u00eb Stamboll, shkruan Rel.<\/p>\n<p>Ministri i Brendsh\u00ebm i Turqis\u00eb, Suleyman Soylu, tha se q\u00ebllimi i autoriteve turke ishte t\u00eb d\u00ebbonin rreth 80.000 migrant\u00eb pa dokumente, deri n\u00eb fund t\u00eb vitit.<\/p>\n<p>Turqia \u00ebsht\u00eb p\u00ebrballur me probleme t\u00eb vogla sociale pavar\u00ebsisht fluksit t\u00eb refugjat\u00ebve, nga konflikti tet\u00eb vje\u00e7ar n\u00eb fqinjin e tij jugor.<\/p>\n<p>Por, r\u00ebnie ekonomike t\u00eb cil\u00ebn e p\u00ebsoi vendi, ka ngritur tensionet, dhe analist\u00ebt thon\u00eb se \u00e7\u00ebshtja e refugjat\u00ebve ka t\u00eb ngjar\u00eb q\u00eb ka kontribuar n\u00eb humbjen e befasishme t\u00eb partis\u00eb n\u00eb pushtet n\u00eb zgjedhjet lokale gjat\u00eb k\u00ebtij viti.<\/p>\n<p>Human Rights Watch dhe Amnesty International jan\u00eb midis disa grupeve q\u00eb akuzojn\u00eb Turqin\u00eb p\u00ebr riatdhesimin e refugjat\u00ebve sirian\u00eb kund\u00ebr vullnetit t\u00eb tyre \u2013 gj\u00eb q\u00eb qeveria ka mohuar.<\/p>\n<p>Turqia \u00ebsht\u00eb sh\u00ebndruar n\u00eb nj\u00eb \u201cdig\u00eb\u201d, duke mos lejuar migrant\u00ebt q\u00eb t\u00eb kalojn\u00eb n\u00eb vendet e Ballkanit Per\u00ebndimor dhe prej aty n\u00eb Evrop\u00eb.<\/p>\n<p>Megjithat\u00eb, disa mij\u00ebra sosh kan\u00eb arritur t\u00eb kalojn\u00eb n\u00eb Evrop\u00eb.<\/p>\n<p>Bashkimi Evropian e ka financuar Turqin\u00eb me qindra milion\u00eb dollar\u00eb n\u00eb m\u00ebnyr\u00eb q\u00eb t\u00eb mbaj\u00eb refugjat\u00ebt n\u00eb territorin e saj.<\/p>","protected":false},"excerpt":{"rendered":"<p>Turqia tha se kishte d\u00ebbuar af\u00ebr 50.000 migrant\u00eb nga Stambolli, p\u00ebrfshir\u00eb m\u00eb shum\u00eb se 6,000 sirian\u00eb, q\u00eb nga fillimi i nj\u00eb fushate kund\u00ebr migracionit t\u00eb paligjsh\u00ebm. Zyra e guvernatorit t\u00eb Stambollit tha se 42.888 migrant\u00eb \u201ct\u00eb paligjsh\u00ebm\u201d ishin arrestuar dhe d\u00ebrguar n\u00eb qendrat e riatdhesimit, me q\u00ebllim, largimin e tyre nga Turqia. N\u00eb njoftim nuk [&hellip;]<\/p>\n","protected":false},"author":2013,"featured_media":114090,"comment_status":"open","ping_status":"closed","sticky":false,"template":"","format":"standard","meta":{"footnotes":""},"categories":[241,191],"tags":[],"class_list":{"0":"post-114089","1":"post","2":"type-post","3":"status-publish","4":"format-standard","5":"has-post-thumbnail","7":"category-aktualitet","8":"category-bota"},"_links":{"self":[{"href":"https:\/\/zjarr.tv\/en\/wp-json\/wp\/v2\/posts\/114089","targetHints":{"allow":["GET"]}}],"collection":[{"href":"https:\/\/zjarr.tv\/en\/wp-json\/wp\/v2\/posts"}],"about":[{"href":"https:\/\/zjarr.tv\/en\/wp-json\/wp\/v2\/types\/post"}],"author":[{"embeddable":true,"href":"https:\/\/zjarr.tv\/en\/wp-json\/wp\/v2\/users\/2013"}],"replies":[{"embeddable":true,"href":"https:\/\/zjarr.tv\/en\/wp-json\/wp\/v2\/comments?post=114089"}],"version-history":[{"count":0,"href":"https:\/\/zjarr.tv\/en\/wp-json\/wp\/v2\/posts\/114089\/revisions"}],"wp:featuredmedia":[{"embeddable":true,"href":"https:\/\/zjarr.tv\/en\/wp-json\/wp\/v2\/media\/114090"}],"wp:attachment":[{"href":"https:\/\/zjarr.tv\/en\/wp-json\/wp\/v2\/media?parent=114089"}],"wp:term":[{"taxonomy":"category","embeddable":true,"href":"https:\/\/zjarr.tv\/en\/wp-json\/wp\/v2\/categories?post=114089"},{"taxonomy":"post_tag","embeddable":true,"href":"https:\/\/zjarr.tv\/en\/wp-json\/wp\/v2\/tags?post=114089"}],"curies":[{"name":"wp","href":"https:\/\/api.w.org\/{rel}","templated":true}]}}