{"id":114092,"date":"2019-11-16T22:10:39","date_gmt":"2019-11-16T21:10:39","guid":{"rendered":"https:\/\/zjarr.tv\/?p=114092"},"modified":"2019-11-16T13:35:15","modified_gmt":"2019-11-16T12:35:15","slug":"shba-larry-kudlow-nje-marreveshje-tregtare-me-kinen-shume-afer","status":"publish","type":"post","link":"https:\/\/zjarr.tv\/en\/shba-larry-kudlow-nje-marreveshje-tregtare-me-kinen-shume-afer\/","title":{"rendered":"SHBA, Larry Kudlow: Nj\u00eb marr\u00ebveshje tregtare me Kin\u00ebn shum\u00eb af\u00ebr"},"content":{"rendered":"<p>K\u00ebshilltari ekonomik i Sht\u00ebpis\u00eb s\u00eb Bardh\u00eb, Larry Kudlow la t\u00eb kuptohej sot se nj\u00eb marr\u00ebveshje tregtare mes SHBA-s\u00eb dhe Kin\u00ebs mund t\u00eb n\u00ebnshkruhej nga ministrat, nd\u00ebrkoh\u00eb q\u00eb presidenti amerikan, Donald Trump kishte p\u00ebrmendur deri tani nj\u00eb n\u00ebnshkrim me homologun kinez.<\/p>\n<div id=\"sovrn\" class=\"desktop_ad ad_bottom_space\"><\/div>\n<p>\u201cDy drejtuesit mund t\u00eb takohen p\u00ebr nj\u00eb ceremoni n\u00eb kuad\u00ebr t\u00eb n\u00ebnshkrimit t\u00eb nj\u00eb marr\u00ebveshjeje\u201d, deklaroi ai p\u00ebr gazetar\u00ebt e Sht\u00ebpis\u00eb s\u00eb Bardh\u00eb.<\/p>\n<div id=\"pa_1x1_psbk_1573907691008\"><\/div>\n<p>Por, Donald Trump dhe homologu kinez, Xi Jinping kan\u00eb p\u00ebrmendur iden\u00eb se ministrat e tyre mund ta b\u00ebjn\u00eb k\u00ebt\u00eb\u201d, shtoi ai.<\/p>\n<p>K\u00ebshilltari refuzoi t\u00eb jepte nj\u00eb dat\u00eb p\u00ebr n\u00ebnshkrimin e nj\u00eb marr\u00ebveshjeje t\u00eb mundshme.<\/p>\n<p>\u201cNuk ka marr\u00ebveshje mbi asgj\u00eb ashtu si nuk ka dakord\u00ebsi p\u00ebr gjith\u00e7ka\u201d, deklaroi m\u00eb her\u00ebt ministri i Tregt\u00ebtis\u00eb, Wilbur Ross p\u00ebr \u201cFox Business\u201d<\/p>","protected":false},"excerpt":{"rendered":"<p>K\u00ebshilltari ekonomik i Sht\u00ebpis\u00eb s\u00eb Bardh\u00eb, Larry Kudlow la t\u00eb kuptohej sot se nj\u00eb marr\u00ebveshje tregtare mes SHBA-s\u00eb dhe Kin\u00ebs mund t\u00eb n\u00ebnshkruhej nga ministrat, nd\u00ebrkoh\u00eb q\u00eb presidenti amerikan, Donald Trump kishte p\u00ebrmendur deri tani nj\u00eb n\u00ebnshkrim me homologun kinez. \u201cDy drejtuesit mund t\u00eb takohen p\u00ebr nj\u00eb ceremoni n\u00eb kuad\u00ebr t\u00eb n\u00ebnshkrimit t\u00eb nj\u00eb marr\u00ebveshjeje\u201d, [&hellip;]<\/p>\n","protected":false},"author":2013,"featured_media":114093,"comment_status":"open","ping_status":"closed","sticky":false,"template":"","format":"standard","meta":{"footnotes":""},"categories":[241,191],"tags":[],"class_list":{"0":"post-114092","1":"post","2":"type-post","3":"status-publish","4":"format-standard","5":"has-post-thumbnail","7":"category-aktualitet","8":"category-bota"},"_links":{"self":[{"href":"https:\/\/zjarr.tv\/en\/wp-json\/wp\/v2\/posts\/114092","targetHints":{"allow":["GET"]}}],"collection":[{"href":"https:\/\/zjarr.tv\/en\/wp-json\/wp\/v2\/posts"}],"about":[{"href":"https:\/\/zjarr.tv\/en\/wp-json\/wp\/v2\/types\/post"}],"author":[{"embeddable":true,"href":"https:\/\/zjarr.tv\/en\/wp-json\/wp\/v2\/users\/2013"}],"replies":[{"embeddable":true,"href":"https:\/\/zjarr.tv\/en\/wp-json\/wp\/v2\/comments?post=114092"}],"version-history":[{"count":0,"href":"https:\/\/zjarr.tv\/en\/wp-json\/wp\/v2\/posts\/114092\/revisions"}],"wp:featuredmedia":[{"embeddable":true,"href":"https:\/\/zjarr.tv\/en\/wp-json\/wp\/v2\/media\/114093"}],"wp:attachment":[{"href":"https:\/\/zjarr.tv\/en\/wp-json\/wp\/v2\/media?parent=114092"}],"wp:term":[{"taxonomy":"category","embeddable":true,"href":"https:\/\/zjarr.tv\/en\/wp-json\/wp\/v2\/categories?post=114092"},{"taxonomy":"post_tag","embeddable":true,"href":"https:\/\/zjarr.tv\/en\/wp-json\/wp\/v2\/tags?post=114092"}],"curies":[{"name":"wp","href":"https:\/\/api.w.org\/{rel}","templated":true}]}}