{"id":114097,"date":"2019-11-16T22:30:35","date_gmt":"2019-11-16T21:30:35","guid":{"rendered":"https:\/\/zjarr.tv\/?p=114097"},"modified":"2019-11-16T13:37:11","modified_gmt":"2019-11-16T12:37:11","slug":"probleme-me-zemren-shtrohet-ne-spital-presidenti-i-serbise-vucic","status":"publish","type":"post","link":"https:\/\/zjarr.tv\/en\/probleme-me-zemren-shtrohet-ne-spital-presidenti-i-serbise-vucic\/","title":{"rendered":"Probleme me zemr\u00ebn, shtrohet n\u00eb spital Presidenti i Serbis\u00eb, Vu\u00e7i\u00e7"},"content":{"rendered":"<p>Presidenti i Serbis\u00eb, Aleksandar Vu\u00e7i\u00e7, \u00ebsht\u00eb shtruar n\u00eb spital, pas disa problemeve me zem\u00ebr.<\/p>\n<div id=\"sovrn\" class=\"desktop_ad ad_bottom_space\"><\/div>\n<p>Lajmi \u00ebsht\u00eb b\u00ebr\u00eb i ditur\u00a0dit\u00ebn e sotme, p\u00ebrmes nj\u00eb komunikate nga Zyra e Presidentit. N\u00eb komunikat\u00eb theksohet se Vu\u00e7i\u00e7 \u00ebsht\u00eb shtruar m\u00eb 15 n\u00ebntor n\u00eb Spitalin Ushtarak t\u00eb Beogradit.<\/p>\n<p>Vu\u00e7i\u00e7, nj\u00eb ish-nacionalist ekstrem q\u00eb aspiron t\u00eb b\u00ebj\u00eb Serbin\u00eb pjes\u00eb t\u00eb Bashkimit Evropian, ka postin e presidentit t\u00eb Serbis\u00eb q\u00eb nga viti 2017, nd\u00ebrsa Partia Progresive q\u00eb drejtohet nga ai, ka marr\u00eb pushtetin m\u00eb 2012.<\/p>\n<p>Lideri populist \u00ebsht\u00eb p\u00ebrballur me akuza p\u00ebr pengim t\u00eb liris\u00eb s\u00eb mediave dhe demokracis\u00eb n\u00eb vend. Qeveria e Vu\u00e7iqit ka forcuar raportet e Serbis\u00eb me aleatin tradicional Rusin\u00eb.<\/p>","protected":false},"excerpt":{"rendered":"<p>Presidenti i Serbis\u00eb, Aleksandar Vu\u00e7i\u00e7, \u00ebsht\u00eb shtruar n\u00eb spital, pas disa problemeve me zem\u00ebr. Lajmi \u00ebsht\u00eb b\u00ebr\u00eb i ditur\u00a0dit\u00ebn e sotme, p\u00ebrmes nj\u00eb komunikate nga Zyra e Presidentit. N\u00eb komunikat\u00eb theksohet se Vu\u00e7i\u00e7 \u00ebsht\u00eb shtruar m\u00eb 15 n\u00ebntor n\u00eb Spitalin Ushtarak t\u00eb Beogradit. Vu\u00e7i\u00e7, nj\u00eb ish-nacionalist ekstrem q\u00eb aspiron t\u00eb b\u00ebj\u00eb Serbin\u00eb pjes\u00eb t\u00eb Bashkimit [&hellip;]<\/p>\n","protected":false},"author":2013,"featured_media":48700,"comment_status":"open","ping_status":"closed","sticky":false,"template":"","format":"standard","meta":{"footnotes":""},"categories":[241,2],"tags":[],"class_list":{"0":"post-114097","1":"post","2":"type-post","3":"status-publish","4":"format-standard","5":"has-post-thumbnail","7":"category-aktualitet","8":"category-rajoni"},"_links":{"self":[{"href":"https:\/\/zjarr.tv\/en\/wp-json\/wp\/v2\/posts\/114097","targetHints":{"allow":["GET"]}}],"collection":[{"href":"https:\/\/zjarr.tv\/en\/wp-json\/wp\/v2\/posts"}],"about":[{"href":"https:\/\/zjarr.tv\/en\/wp-json\/wp\/v2\/types\/post"}],"author":[{"embeddable":true,"href":"https:\/\/zjarr.tv\/en\/wp-json\/wp\/v2\/users\/2013"}],"replies":[{"embeddable":true,"href":"https:\/\/zjarr.tv\/en\/wp-json\/wp\/v2\/comments?post=114097"}],"version-history":[{"count":0,"href":"https:\/\/zjarr.tv\/en\/wp-json\/wp\/v2\/posts\/114097\/revisions"}],"wp:featuredmedia":[{"embeddable":true,"href":"https:\/\/zjarr.tv\/en\/wp-json\/wp\/v2\/media\/48700"}],"wp:attachment":[{"href":"https:\/\/zjarr.tv\/en\/wp-json\/wp\/v2\/media?parent=114097"}],"wp:term":[{"taxonomy":"category","embeddable":true,"href":"https:\/\/zjarr.tv\/en\/wp-json\/wp\/v2\/categories?post=114097"},{"taxonomy":"post_tag","embeddable":true,"href":"https:\/\/zjarr.tv\/en\/wp-json\/wp\/v2\/tags?post=114097"}],"curies":[{"name":"wp","href":"https:\/\/api.w.org\/{rel}","templated":true}]}}