{"id":114159,"date":"2019-11-17T14:09:55","date_gmt":"2019-11-17T13:09:55","guid":{"rendered":"https:\/\/zjarr.tv\/?p=114159"},"modified":"2019-11-17T14:09:55","modified_gmt":"2019-11-17T13:09:55","slug":"kryemadhi-takon-kongresmenet-amerikane-kerkon-prezence-sa-me-aktive-te-shba","status":"publish","type":"post","link":"https:\/\/zjarr.tv\/en\/kryemadhi-takon-kongresmenet-amerikane-kerkon-prezence-sa-me-aktive-te-shba\/","title":{"rendered":"Kryemadhi takon kongresmen\u00ebt amerikan\u00eb, k\u00ebrkon prezenc\u00eb sa m\u00eb aktive t\u00eb SHBA"},"content":{"rendered":"<p>Kryetarja e L\u00ebvizjes Socialiste p\u00ebr Integrim, Monika Kryemadhi ka zhvilluar nj\u00eb takim me kongresmen\u00ebt amerikan\u00eb Joe Willson dhe Jim Costa, n\u00eb vijim t\u00eb takimeve n\u00eb Kongresin e SHBA.\u00a0Gjat\u00eb bised\u00ebs me kongresmenin Willson, p\u00ebrfaq\u00ebsues i South Carolin\u00ebs, ky i fundit ishte shum\u00eb i interesuar dhe tep\u00ebr i v\u00ebmendsh\u00ebm p\u00ebr zhvillimet n\u00eb Shqip\u00ebri. Teksa diskutonte me Kryemadhin, kongresmeni shprehu gatishm\u00ebrin\u00eb p\u00ebr t\u00eb nxitur dhe intensifikuar duksh\u00ebm rritjen e v\u00ebmendjes s\u00eb Kongresit t\u00eb SHBA drejt Shqip\u00ebris\u00eb.<\/p>\n<p><em>N\u00eb vijim t\u00eb takimeve n\u00eb Kongresin e SHBA zhvilluam takime edhe me Kongresmen\u00ebt Joe Willson dhe Jim Costa.<\/em><\/p>\n<div id=\"rekl-13\">\n<div id=\"__sap-ad-15\" class=\"__sap-ads __sap-html tracked\" data-title=\"Credins desktop 08\"><ins><\/p>\n<div id=\"beacon_09a4e86569\"><img loading=\"lazy\" decoding=\"async\" src=\"https:\/\/ads1.medium.al\/www\/delivery\/lg.php?bannerid=401&amp;campaignid=56&amp;zoneid=232&amp;loc=https%3A%2F%2Fwww.syri.net%2Fpolitike%2F294936%2Fkryemadhi-takon-kongresmenet-amerikane-kerkon-prezence-sa-me-aktive-te-shba%2F&amp;referer=https%3A%2F%2Fwww.syri.net%2Flajme%2F&amp;cb=09a4e86569\" alt=\"\" width=\"0\" height=\"0\" \/><em>Z. Joe Wilson p\u00ebrfaq\u00ebsues i South Carolin\u00ebs ishte shum\u00eb i interesuar dhe tep\u00ebr i v\u00ebmendsh\u00ebm p\u00ebr zhvillimet n\u00eb Shqip\u00ebri.<\/em><\/div>\n<p><\/ins><\/div>\n<\/div>\n<p><em>Gjat\u00eb diskutimit mjaft impresionues me t\u00eb, ai shprehu gatishm\u00ebrin\u00eb p\u00ebr t\u00eb nxitur dhe intensifikuar duksh\u00ebm rritjen e v\u00ebmendjes s\u00eb Kongresit t\u00eb SHBA drejt Shqip\u00ebris\u00eb, rritjen e intensifikimin e m\u00ebtejsh\u00ebm t\u00eb partneritetit strategjik me Shqip\u00ebrin\u00eb dhe rolin e ve\u00e7ant\u00eb q\u00eb vendi i saj ka si mb\u00ebshtet\u00ebsja m\u00eb e spikatur e politikave t\u00eb SHBA p\u00ebr rajonin ton\u00eb.<\/em><\/p>\n<p><em>Fryma e t\u00eb gjith\u00eb takimeve mbres\u00ebl\u00ebn\u00ebse n\u00eb Kongres dhe Senat ishte rikonfigurimi i nj\u00eb mb\u00ebshtetje sa m\u00eb t\u00eb madhe p\u00ebr Shqip\u00ebrin\u00eb p\u00ebrmes nj\u00eb prezence sa m\u00eb aktive t\u00eb SHBA.<\/em><\/p>\n<p><em>#MoreAmericaInAlbania<\/em><\/p>","protected":false},"excerpt":{"rendered":"<p>Kryetarja e L\u00ebvizjes Socialiste p\u00ebr Integrim, Monika Kryemadhi ka zhvilluar nj\u00eb takim me kongresmen\u00ebt amerikan\u00eb Joe Willson dhe Jim Costa, n\u00eb vijim t\u00eb takimeve n\u00eb Kongresin e SHBA.\u00a0Gjat\u00eb bised\u00ebs me kongresmenin Willson, p\u00ebrfaq\u00ebsues i South Carolin\u00ebs, ky i fundit ishte shum\u00eb i interesuar dhe tep\u00ebr i v\u00ebmendsh\u00ebm p\u00ebr zhvillimet n\u00eb Shqip\u00ebri. Teksa diskutonte me Kryemadhin, [&hellip;]<\/p>\n","protected":false},"author":2013,"featured_media":114160,"comment_status":"open","ping_status":"closed","sticky":false,"template":"","format":"standard","meta":{"footnotes":""},"categories":[241,235],"tags":[],"class_list":{"0":"post-114159","1":"post","2":"type-post","3":"status-publish","4":"format-standard","5":"has-post-thumbnail","7":"category-aktualitet","8":"category-vendi"},"_links":{"self":[{"href":"https:\/\/zjarr.tv\/en\/wp-json\/wp\/v2\/posts\/114159","targetHints":{"allow":["GET"]}}],"collection":[{"href":"https:\/\/zjarr.tv\/en\/wp-json\/wp\/v2\/posts"}],"about":[{"href":"https:\/\/zjarr.tv\/en\/wp-json\/wp\/v2\/types\/post"}],"author":[{"embeddable":true,"href":"https:\/\/zjarr.tv\/en\/wp-json\/wp\/v2\/users\/2013"}],"replies":[{"embeddable":true,"href":"https:\/\/zjarr.tv\/en\/wp-json\/wp\/v2\/comments?post=114159"}],"version-history":[{"count":0,"href":"https:\/\/zjarr.tv\/en\/wp-json\/wp\/v2\/posts\/114159\/revisions"}],"wp:featuredmedia":[{"embeddable":true,"href":"https:\/\/zjarr.tv\/en\/wp-json\/wp\/v2\/media\/114160"}],"wp:attachment":[{"href":"https:\/\/zjarr.tv\/en\/wp-json\/wp\/v2\/media?parent=114159"}],"wp:term":[{"taxonomy":"category","embeddable":true,"href":"https:\/\/zjarr.tv\/en\/wp-json\/wp\/v2\/categories?post=114159"},{"taxonomy":"post_tag","embeddable":true,"href":"https:\/\/zjarr.tv\/en\/wp-json\/wp\/v2\/tags?post=114159"}],"curies":[{"name":"wp","href":"https:\/\/api.w.org\/{rel}","templated":true}]}}