{"id":114172,"date":"2019-11-17T14:20:06","date_gmt":"2019-11-17T13:20:06","guid":{"rendered":"https:\/\/zjarr.tv\/?p=114172"},"modified":"2019-11-17T14:20:06","modified_gmt":"2019-11-17T13:20:06","slug":"kajmaku-kerkese-nga-arratia-ja-cfare-ka-dorezuar-avokati","status":"publish","type":"post","link":"https:\/\/zjarr.tv\/en\/kajmaku-kerkese-nga-arratia-ja-cfare-ka-dorezuar-avokati\/","title":{"rendered":"Kajmaku k\u00ebrkes\u00eb nga arratia, Ja \u00e7far\u00eb ka dor\u00ebzuar avokati\u2026"},"content":{"rendered":"<p>P\u00ebr disa dit\u00eb me radh\u00eb i \u00ebsht\u00eb shmangur drejt\u00ebsis\u00eb dhe vazhdon t\u00eb q\u00ebndroj\u00eb n\u00eb arrati, megjithat\u00eb ish-kryetari i Bashkis\u00eb s\u00eb Vor\u00ebs, Agim Kajmaku, k\u00ebrkon lirin\u00eb.<\/p>\n<p>Kajmaku ka apeluar mas\u00ebn e siguris\u00eb \u201cArrest me burg\u201d, q\u00eb ka dh\u00ebn\u00eb ndaj tij n\u00eb munges\u00eb m\u00eb 11 n\u00ebntor Gjykata e Tiran\u00ebs.<\/p>\n<p>Burimet than\u00eb se avokati i Agim Kajmakut ka dor\u00ebzuar k\u00ebrkes\u00ebn p\u00ebr ndryshimin e mas\u00ebs s\u00eb siguris\u00eb n\u00eb Gjykat\u00ebn e Apelit.<\/p>\n<p>Ish-kryetari i Bashkis\u00eb Vor\u00eb, i shkarkuar nga KQZ pasi shkeli ligjin e dekriminalizimit, n\u00eb k\u00ebt\u00eb form\u00eb k\u00ebrkon lirin\u00eb, edhe pse nuk \u00ebsht\u00eb p\u00ebrballur ende me drejt\u00ebsin\u00eb p\u00ebr t\u00eb dh\u00ebn\u00eb shpjegime.<\/p>\n<p>Policia e Tiran\u00ebs vijon ende k\u00ebrkimet p\u00ebr gjetjen e ish-zyrtarit socialist, me q\u00ebllim ekzekutimin e mas\u00ebs s\u00eb siguris\u00eb, por deri tani nuk \u00ebsht\u00eb r\u00ebn\u00eb n\u00eb gjurm\u00ebt e tij. Gjykata kishte urdh\u00ebruar edhe kontrollin e banes\u00ebs s\u00eb Kajmakut p\u00ebr t\u00eb gjetur prova q\u00eb v\u00ebrtetojn\u00eb shp\u00ebrdorimin e detyr\u00ebs.<\/p>\n<p><strong>SHPALLJA NE KERKIM<\/strong><\/p>\n<p>Agim Kajmaku, ish-kreu i Bashkis\u00eb Vor\u00eb, i shkarkuar nga KQZ-ja p\u00ebr shkeljen e ligjit t\u00eb dekriminalizimit, p\u00ebr t\u00eb cilin u l\u00ebshua nj\u00eb urdh\u00ebrarresti m\u00eb 11 n\u00ebntor, akuzohet p\u00ebr falsifikim t\u00eb formular\u00ebve dhe ushtrim i funksioneve pas dh\u00ebnies fund t\u00eb detyr\u00ebs.<\/p>\n<p>N\u00eb shkres\u00ebn e Prokuroris\u00eb theksohet: \u201cProkuroria e Rrethit Gjyq\u00ebsor Tiran\u00eb ka shpallur n\u00eb k\u00ebrkim me mas\u00eb sigurimi \u2018Arrest n\u00eb burg\u2019, n\u00eb lidhje me hetimin q\u00eb zhvillohet n\u00eb ngarkim t\u00eb shtetasit Agim Kajmaku, i dyshuar p\u00ebr kryerjen e veprave penale, \u2018Shp\u00ebrdorim detyre\u2019, sipas nenit 248 t\u00eb Kodit Penal, \u2018Falsifikimi i formular\u00ebve\u2019, neni 190 i Kodit Penal dhe \u2018Ushtrimi i funksioneve pas dh\u00ebnies fund t\u00eb detyr\u00ebs, neni 249 i Kodit Penal\u201d.<\/p>\n<p>Akuza e fundit ka t\u00eb b\u00ebj\u00eb me shkarkimin e punonj\u00ebsve, n\u00eb koh\u00ebn q\u00eb KQZ kishte shpallur shkarkimin e tij nga detyra. Pas vendimit t\u00eb KQZ, Kajmaku ka shkarkuar nga detyra dy n\u00ebnkryetar\u00ebt e bashkis\u00eb, megjith\u00ebse edhe vet\u00eb ishte zyrtarisht i shkarkuar si titullar i Bashkis\u00eb Vor\u00eb.<\/p>\n<p><strong>MANDATI<\/strong><\/p>\n<p>Disa dit\u00eb para se Prokuroria t\u00eb k\u00ebrkonte arrestimin e tij, KQZ i hoqi mandatin ishkryebashkiakut t\u00eb Vor\u00ebs, pasi Prokuroria e P\u00ebrgjithshme i kishte d\u00ebrguar nj\u00eb shkres\u00eb p\u00ebr k\u00ebt\u00eb q\u00ebllim. Pavar\u00ebsisht se Kajmaku iu drejtua me nj\u00eb let\u00ebr Kryeprokurores Arta Marku, ku thoshte se ishte shpallur i pafajsh\u00ebm nga Gjykata e Apelit t\u00eb Janin\u00ebs p\u00ebr falsifikim t\u00eb kart\u00ebmonedha n\u00ebn emrin e Jorgo Totos, fshehja e k\u00ebsaj \u00e7\u00ebshtjeje n\u00eb formularin e vet\u00ebdeklarimit, p\u00ebrb\u00ebn shkelje.<\/p>\n<p>\u201cNga verifikimet e kryera konfirmohet se subjekti Agim Kajamaku ka pasur dijeni t\u00eb plot\u00eb n\u00eb lidhje me faktin q\u00eb ka qen\u00eb n\u00eb hetim penal n\u00eb Greqi dhe se ndaj tij kishte nj\u00eb proces gjyq\u00ebsor penal n\u00eb zhvillim. Kjo, sepse ai \u00ebsht\u00eb arrestuar n\u00eb flagranc\u00eb dhe ka dal\u00eb para Gjykat\u00ebs greke, ku i \u00ebsht\u00eb b\u00ebr\u00eb e ditur e gjith\u00eb procedura q\u00eb do ndiqet ndaj tij. Nga ana tjet\u00ebr rezulton se subjekti ka kryer veprime konkrete p\u00ebr fshehjen e k\u00ebtij fakti para autoriteteve shqiptare, duke ndryshuar n\u00eb dat\u00eb 30.03 .2004 em\u00ebr\/mbiem\u00ebr nga \u2018Jorgo Toto\u2019 n\u00eb \u2018Agim Kajmaku\u2019, si dhe duke mos e deklaruar k\u00ebt\u00eb fakt n\u00eb formularin e vet\u00ebdeklarimit\u201d, thuhet n\u00eb shkres\u00ebn e prokurorit Arben Kraja.<\/p>\n<p>Kreu i III-t\u00eb, pika 3, g\u00ebrma \u201c\u00e7\u201d, e vendimit nr.17\/2016 t\u00eb Kuvendit t\u00eb Republik\u00ebs s\u00eb Shqip\u00ebris\u00eb, thuhet se \u201cpasqyrimi i t\u00eb dh\u00ebnave t\u00eb pav\u00ebrteta, t\u00eb paplota, dhe t\u00eb pasakta n\u00eb t\u00eb, passjell p\u00ebrjashtimin e menj\u00ebhersh\u00ebm dhe n\u00eb \u00e7do koh\u00eb nga kandidimi\/ zgjedhja\/em\u00ebrimi apo nga funksioni publik\u201d.<\/p>\n<p><strong>N\u00cbNKRYETARI I VOR\u00cbS<\/strong><\/p>\n<p>Prokuroria ka sekuestruar celularin e n\u00ebnkryetarit t\u00eb Bashkis\u00eb s\u00eb Vor\u00ebs, Gentian Picari. Ky i fundit \u00ebsht\u00eb em\u00ebruar n\u00eb postin e n\u00ebnkryetarit nga Agim Kajmaku, ndon\u00ebse nuk ishte m\u00eb n\u00eb detyr\u00eb, pasi u shkarkua nga KQZ si kryetar i Bashkis\u00eb s\u00eb Vor\u00ebs, p\u00ebr shkak se u v\u00ebrtetuan akuzat e opozit\u00ebs, se ai ka qen\u00eb i arrestuar dhe d\u00ebnuar n\u00eb Greqi p\u00ebr falsifikim parash. Agim Kajmaku \u00ebsht\u00eb shpallur n\u00eb k\u00ebrkim prej disa dit\u00ebsh, por nuk dihet vendndodhja e tij.<\/p>\n<p>Pas shkarkimit nga KQZ, u zbulua se Kajmaku kishte firmosur shkarkimin e dy n\u00ebnkryetar\u00ebve t\u00eb rinj t\u00eb bashkis\u00eb, duke em\u00ebruar n\u00eb k\u00ebt\u00eb post vet\u00ebm Gentian Picarin. Picari, nga ana tjet\u00ebr, ka b\u00ebr\u00eb k\u00ebrkes\u00eb q\u00eb t\u2019i rikthehet telefoni. Nj\u00eb nd\u00ebr akuzat e ngritura ndaj Kajmakut \u00ebsht\u00eb ajo e \u201cUshtrimit t\u00eb funksioneve pas dh\u00ebnies fund t\u00eb detyr\u00ebs, neni 249 i Kodit Penal\u201d. Kjo akuz\u00eb ka t\u00eb b\u00ebj\u00eb me shkarkimin e punonj\u00ebsve, n\u00eb koh\u00ebn q\u00eb KQZ kishte shpallur shkarkimin e tij nga detyra.<\/p>\n<p><strong>Kajmaku u denoncua nga Partia Demokratike<\/strong><\/p>\n<p>Ish-kryebashkiaku i Vor\u00ebs, Agim Kajmaku, u akuzua nga Partia Demokratike se ishte arrestuar n\u00eb Greqi, n\u00ebn emrin Jorgo Toto, p\u00ebr vepr\u00ebn penale t\u00eb falsifikimit t\u00eb parave, por q\u00eb nuk e kishte paraqitur n\u00eb formularin e dekriminalizimit. Akuzat e PD u konfirmuan edhe nga Prokuroria e P\u00ebrgjithshme, e cila, pasi b\u00ebri verifikimin e shenjave t\u00eb gisht\u00ebrinjve t\u00eb Kajmakut dhe shenjat e gisht\u00ebrinjve t\u00eb shtetasit Jorgo Toto, t\u00eb arrestuar n\u00eb Greqi, rezultoi se ishte i nj\u00ebjti person.<\/p>\n<p>Fillimisht, ai i mohoi akuzat e opozit\u00ebs, duke th\u00ebn\u00eb se nuk ishte arrestuar asnj\u00ebher\u00eb, por pas konfirmimit nga Prokuroria, ai publikoi vendimin e Gjykat\u00ebs s\u00eb Janin\u00ebs, q\u00eb e shpallte at\u00eb t\u00eb pafajsh\u00ebm, duke th\u00ebn\u00eb se nuk e ka ditur p\u00ebr d\u00ebnimin n\u00eb vendin fqinj.\/Panorama<\/p>","protected":false},"excerpt":{"rendered":"<p>P\u00ebr disa dit\u00eb me radh\u00eb i \u00ebsht\u00eb shmangur drejt\u00ebsis\u00eb dhe vazhdon t\u00eb q\u00ebndroj\u00eb n\u00eb arrati, megjithat\u00eb ish-kryetari i Bashkis\u00eb s\u00eb Vor\u00ebs, Agim Kajmaku, k\u00ebrkon lirin\u00eb. Kajmaku ka apeluar mas\u00ebn e siguris\u00eb \u201cArrest me burg\u201d, q\u00eb ka dh\u00ebn\u00eb ndaj tij n\u00eb munges\u00eb m\u00eb 11 n\u00ebntor Gjykata e Tiran\u00ebs. Burimet than\u00eb se avokati i Agim Kajmakut ka [&hellip;]<\/p>\n","protected":false},"author":2013,"featured_media":102935,"comment_status":"open","ping_status":"closed","sticky":false,"template":"","format":"standard","meta":{"footnotes":""},"categories":[241,235],"tags":[],"class_list":{"0":"post-114172","1":"post","2":"type-post","3":"status-publish","4":"format-standard","5":"has-post-thumbnail","7":"category-aktualitet","8":"category-vendi"},"_links":{"self":[{"href":"https:\/\/zjarr.tv\/en\/wp-json\/wp\/v2\/posts\/114172","targetHints":{"allow":["GET"]}}],"collection":[{"href":"https:\/\/zjarr.tv\/en\/wp-json\/wp\/v2\/posts"}],"about":[{"href":"https:\/\/zjarr.tv\/en\/wp-json\/wp\/v2\/types\/post"}],"author":[{"embeddable":true,"href":"https:\/\/zjarr.tv\/en\/wp-json\/wp\/v2\/users\/2013"}],"replies":[{"embeddable":true,"href":"https:\/\/zjarr.tv\/en\/wp-json\/wp\/v2\/comments?post=114172"}],"version-history":[{"count":0,"href":"https:\/\/zjarr.tv\/en\/wp-json\/wp\/v2\/posts\/114172\/revisions"}],"wp:featuredmedia":[{"embeddable":true,"href":"https:\/\/zjarr.tv\/en\/wp-json\/wp\/v2\/media\/102935"}],"wp:attachment":[{"href":"https:\/\/zjarr.tv\/en\/wp-json\/wp\/v2\/media?parent=114172"}],"wp:term":[{"taxonomy":"category","embeddable":true,"href":"https:\/\/zjarr.tv\/en\/wp-json\/wp\/v2\/categories?post=114172"},{"taxonomy":"post_tag","embeddable":true,"href":"https:\/\/zjarr.tv\/en\/wp-json\/wp\/v2\/tags?post=114172"}],"curies":[{"name":"wp","href":"https:\/\/api.w.org\/{rel}","templated":true}]}}