{"id":114183,"date":"2019-11-17T14:24:50","date_gmt":"2019-11-17T13:24:50","guid":{"rendered":"https:\/\/zjarr.tv\/?p=114183"},"modified":"2019-11-17T14:24:50","modified_gmt":"2019-11-17T13:24:50","slug":"clirimi-u-tiranes-kryemadhi-liria-e-tiranes-u-arrit-me-heroizem-popullor","status":"publish","type":"post","link":"https:\/\/zjarr.tv\/en\/clirimi-u-tiranes-kryemadhi-liria-e-tiranes-u-arrit-me-heroizem-popullor\/","title":{"rendered":"\u00c7lirimi u Tiran\u00ebs, Kryemadhi: Liria e Tiran\u00ebs u arrit me heroiz\u00ebm popullor"},"content":{"rendered":"<p>75 vjetorin e \u00c7lirimit t\u00eb Tiran\u00ebs e ka kujtuar me nj\u00eb postim n\u00eb faqen e saj n\u00eb facebook edhe kryetarja e LSI Monika Kryemadhi<\/p>\n<p>\u201c17 n\u00ebntori i \u00e7lirimit t\u00eb Tiran\u00ebs nuk \u00ebsht\u00eb vet\u00ebm dit\u00eb nderimi dhe feste. Esht\u00eb edhe amanet i gjakut t\u00eb d\u00ebshmor\u00ebve, p\u00ebr ta dashur dhe mbrojtur Tiran\u00ebn dhe Shqip\u00ebrin\u00eb, e p\u00ebr t\u00eb mos e lejuar t\u00eb keqen t\u00eb vras\u00eb \u00ebndrr\u00ebn e tyre p\u00ebr liri dhe demokraci, p\u00ebr nj\u00eb jet\u00eb m\u00eb t\u00eb mir\u00eb dhe t\u00eb sigurt\u00eb n\u00eb n\u00eb k\u00ebte vend dhe k\u00ebt\u00eb tok\u00eb q\u00eb quhet atdhe dhe q\u00eb \u00ebsht\u00eb sht\u00ebpia jon\u00eb!\u201d, shkruan ajo<\/p>\n<p><strong>Ja postimi i plot\u00eb:<\/strong><\/p>\n<p>Tirana<\/p>\n<p>Tirana antifashiste sot \u00ebsht\u00eb n\u00eb 17 n\u00ebntorin e 75-t\u00eb t\u00eb \u00e7lirimit prej pushtuesve nazifashist\u00eb dhe bashk\u00ebpun\u00ebtor\u00ebve t\u00eb tyre, \u00ebsht\u00eb n\u00eb dit\u00ebn e madhe t\u00eb liris\u00eb, q\u00eb u arrit me aq shum\u00eb luft\u00eb, sakrifica, privacione dhe heroiz\u00ebm popullor.<\/p>\n<p>75-vjet m\u00eb par\u00eb, partizan\u00ebt e liris\u00eb dhe populli i kryeqytetit i b\u00ebr\u00eb nj\u00ebsh me ta, sh\u00ebnuan nj\u00eb nga betejat m\u00eb t\u00eb m\u00ebdha dhe m\u00eb t\u00eb lavdishme t\u00eb Luft\u00ebs Antifashiste Nacional\u00e7lirimtare, betej\u00ebn p\u00ebr \u00e7lirimin e Tiran\u00ebs s\u00eb barrikadave, q\u00eb qe preludi i bukur i \u00e7lirimit t\u00eb t\u00eb gjith\u00eb Shqip\u00ebris\u00eb.<\/p>\n<p>Ndaj sot, nderimi m\u00eb i thell\u00eb dhe mir\u00ebnjohja m\u00eb e madhe shkon p\u00ebr partizan\u00ebt e liris\u00eb, p\u00ebr bijat dhe bijt\u00eb e paharruar q\u00eb dhan\u00eb jet\u00ebn dhe derdh\u00ebn gjakun e tyre n\u00eb themelet e liris\u00eb s\u00eb Tiran\u00ebs antifashiste, q\u00eb \u00ebsht\u00eb kryeqyteti i vet\u00ebm n\u00eb Europ\u00eb i \u00e7liruar pa pranin\u00eb e ushtrive t\u00eb huaja.<\/p>\n<p>Por, nj\u00eb nderim dhe mir\u00ebnjohje e madhe shkon p\u00ebr t\u00eb gjith\u00eb popullin e Tiran\u00ebs, q\u00eb me vetmohim, p\u00ebrkushtim dhe heroiz\u00ebm shembullor, jo vet\u00ebm iu b\u00eb krah luft\u00ebs partizane, por u bashkua me t\u00eb, luftoi e sakrifikoi rrug\u00eb m\u00eb rrug\u00eb, barrikad\u00eb m\u00eb barrikad\u00eb e shtepi m\u00eb sht\u00ebpi, deri n\u00eb agimin e liris\u00eb.<\/p>\n<p>17 n\u00ebntori i \u00e7lirimit t\u00eb Tiran\u00ebs nuk \u00ebsht\u00eb vet\u00ebm dit\u00eb nderimi dhe feste. Esht\u00eb edhe amanet i gjakut t\u00eb d\u00ebshmor\u00ebve, p\u00ebr ta dashur dhe mbrojtur Tiran\u00ebn dhe Shqip\u00ebrin\u00eb, e p\u00ebr t\u00eb mos e lejuar t\u00eb keqen t\u00eb vras\u00eb \u00ebndrr\u00ebn e tyre p\u00ebr liri dhe demokraci, p\u00ebr nj\u00eb jet\u00eb m\u00eb t\u00eb mir\u00eb dhe t\u00eb sigurt\u00eb n\u00eb n\u00eb k\u00ebte vend dhe k\u00ebt\u00eb tok\u00eb q\u00eb quhet atdhe dhe q\u00eb \u00ebsht\u00eb sht\u00ebpia jon\u00eb!<\/p>","protected":false},"excerpt":{"rendered":"<p>75 vjetorin e \u00c7lirimit t\u00eb Tiran\u00ebs e ka kujtuar me nj\u00eb postim n\u00eb faqen e saj n\u00eb facebook edhe kryetarja e LSI Monika Kryemadhi \u201c17 n\u00ebntori i \u00e7lirimit t\u00eb Tiran\u00ebs nuk \u00ebsht\u00eb vet\u00ebm dit\u00eb nderimi dhe feste. Esht\u00eb edhe amanet i gjakut t\u00eb d\u00ebshmor\u00ebve, p\u00ebr ta dashur dhe mbrojtur Tiran\u00ebn dhe Shqip\u00ebrin\u00eb, e p\u00ebr t\u00eb [&hellip;]<\/p>\n","protected":false},"author":2013,"featured_media":114185,"comment_status":"open","ping_status":"closed","sticky":false,"template":"","format":"standard","meta":{"footnotes":""},"categories":[241,235],"tags":[],"class_list":{"0":"post-114183","1":"post","2":"type-post","3":"status-publish","4":"format-standard","5":"has-post-thumbnail","7":"category-aktualitet","8":"category-vendi"},"_links":{"self":[{"href":"https:\/\/zjarr.tv\/en\/wp-json\/wp\/v2\/posts\/114183","targetHints":{"allow":["GET"]}}],"collection":[{"href":"https:\/\/zjarr.tv\/en\/wp-json\/wp\/v2\/posts"}],"about":[{"href":"https:\/\/zjarr.tv\/en\/wp-json\/wp\/v2\/types\/post"}],"author":[{"embeddable":true,"href":"https:\/\/zjarr.tv\/en\/wp-json\/wp\/v2\/users\/2013"}],"replies":[{"embeddable":true,"href":"https:\/\/zjarr.tv\/en\/wp-json\/wp\/v2\/comments?post=114183"}],"version-history":[{"count":0,"href":"https:\/\/zjarr.tv\/en\/wp-json\/wp\/v2\/posts\/114183\/revisions"}],"wp:featuredmedia":[{"embeddable":true,"href":"https:\/\/zjarr.tv\/en\/wp-json\/wp\/v2\/media\/114185"}],"wp:attachment":[{"href":"https:\/\/zjarr.tv\/en\/wp-json\/wp\/v2\/media?parent=114183"}],"wp:term":[{"taxonomy":"category","embeddable":true,"href":"https:\/\/zjarr.tv\/en\/wp-json\/wp\/v2\/categories?post=114183"},{"taxonomy":"post_tag","embeddable":true,"href":"https:\/\/zjarr.tv\/en\/wp-json\/wp\/v2\/tags?post=114183"}],"curies":[{"name":"wp","href":"https:\/\/api.w.org\/{rel}","templated":true}]}}