{"id":114198,"date":"2019-11-17T14:29:01","date_gmt":"2019-11-17T13:29:01","guid":{"rendered":"https:\/\/zjarr.tv\/?p=114198"},"modified":"2019-11-17T14:29:01","modified_gmt":"2019-11-17T13:29:01","slug":"meta-pret-mysafirin-e-vecante-zoti-e-bekofte-miqesine-shqiptaro-amerikane","status":"publish","type":"post","link":"https:\/\/zjarr.tv\/en\/meta-pret-mysafirin-e-vecante-zoti-e-bekofte-miqesine-shqiptaro-amerikane\/","title":{"rendered":"Meta pret mysafirin e ve\u00e7ant\u00eb: Zoti e bekoft\u00eb miq\u00ebsin\u00eb shqiptaro-amerikane!"},"content":{"rendered":"<p>Presidenti Ilir Meta ka pritur n\u00eb k\u00ebt\u00eb t\u00eb diel nj\u00eb mysafir t\u00eb ve\u00e7ant\u00eb. B\u00ebhet fjal\u00eb p\u00ebr ambasadorin Sam Brownback, i ngarkuari i SHBA-ve p\u00ebr lirin\u00eb fetare nd\u00ebrkomb\u00ebtare.<\/p>\n<div id=\"sovrn\" class=\"desktop_ad ad_bottom_space\"><\/div>\n<p>P\u00ebrmes nj\u00eb postimi n\u00eb \u2018Facebook\u2019 Meta thekson se dit\u00ebn e nes\u00ebrme t\u00eb dy do t\u00eb marrin pjes\u00eb n\u00eb Konferenc\u00ebs p\u00ebr Lirin\u00eb Fetare<\/p>\n<div id=\"pa_1x1_psbk_1573997317293\"><\/div>\n<p>\u201cNj\u00eb k\u00ebnaq\u00ebsi e ve\u00e7ant\u00eb t\u00eb kem Ambasadorin Sam Brownback n\u00eb Tiran\u00eb si mysafirin tim special. Do t\u00eb jemi s\u00eb bashku nes\u00ebr n\u00eb Konferenc\u00ebs p\u00ebr Lirin\u00eb Fetare. SHBA gjithmon\u00eb nj\u00eb kampion i liris\u00eb dhe drejt\u00ebsis\u00eb. Zoti e bekoft\u00eb miq\u00ebsin\u00eb shqiptaro-amerikane! \ud83c\udde6\ud83c\uddf1\ud83e\udd1d\ud83c\uddfa\ud83c\uddf8\u201d, shkruan Meta.<\/p>","protected":false},"excerpt":{"rendered":"<p>Presidenti Ilir Meta ka pritur n\u00eb k\u00ebt\u00eb t\u00eb diel nj\u00eb mysafir t\u00eb ve\u00e7ant\u00eb. B\u00ebhet fjal\u00eb p\u00ebr ambasadorin Sam Brownback, i ngarkuari i SHBA-ve p\u00ebr lirin\u00eb fetare nd\u00ebrkomb\u00ebtare. P\u00ebrmes nj\u00eb postimi n\u00eb \u2018Facebook\u2019 Meta thekson se dit\u00ebn e nes\u00ebrme t\u00eb dy do t\u00eb marrin pjes\u00eb n\u00eb Konferenc\u00ebs p\u00ebr Lirin\u00eb Fetare \u201cNj\u00eb k\u00ebnaq\u00ebsi e ve\u00e7ant\u00eb t\u00eb kem [&hellip;]<\/p>\n","protected":false},"author":2013,"featured_media":114200,"comment_status":"open","ping_status":"closed","sticky":false,"template":"","format":"standard","meta":{"footnotes":""},"categories":[241,235],"tags":[],"class_list":{"0":"post-114198","1":"post","2":"type-post","3":"status-publish","4":"format-standard","5":"has-post-thumbnail","7":"category-aktualitet","8":"category-vendi"},"_links":{"self":[{"href":"https:\/\/zjarr.tv\/en\/wp-json\/wp\/v2\/posts\/114198","targetHints":{"allow":["GET"]}}],"collection":[{"href":"https:\/\/zjarr.tv\/en\/wp-json\/wp\/v2\/posts"}],"about":[{"href":"https:\/\/zjarr.tv\/en\/wp-json\/wp\/v2\/types\/post"}],"author":[{"embeddable":true,"href":"https:\/\/zjarr.tv\/en\/wp-json\/wp\/v2\/users\/2013"}],"replies":[{"embeddable":true,"href":"https:\/\/zjarr.tv\/en\/wp-json\/wp\/v2\/comments?post=114198"}],"version-history":[{"count":0,"href":"https:\/\/zjarr.tv\/en\/wp-json\/wp\/v2\/posts\/114198\/revisions"}],"wp:featuredmedia":[{"embeddable":true,"href":"https:\/\/zjarr.tv\/en\/wp-json\/wp\/v2\/media\/114200"}],"wp:attachment":[{"href":"https:\/\/zjarr.tv\/en\/wp-json\/wp\/v2\/media?parent=114198"}],"wp:term":[{"taxonomy":"category","embeddable":true,"href":"https:\/\/zjarr.tv\/en\/wp-json\/wp\/v2\/categories?post=114198"},{"taxonomy":"post_tag","embeddable":true,"href":"https:\/\/zjarr.tv\/en\/wp-json\/wp\/v2\/tags?post=114198"}],"curies":[{"name":"wp","href":"https:\/\/api.w.org\/{rel}","templated":true}]}}